{"id":8150,"date":"2024-02-29T14:52:34","date_gmt":"2024-02-29T14:52:34","guid":{"rendered":"https:\/\/www.vilamouraworld.com\/blog\/a-seca-no-algarve-como-poupar-agua\/"},"modified":"2024-03-01T15:14:14","modified_gmt":"2024-03-01T15:14:14","slug":"a-seca-no-algarve-como-poupar-agua","status":"publish","type":"post","link":"https:\/\/www.vilamouraworld.com\/pt-pt\/blog\/a-seca-no-algarve-como-poupar-agua\/","title":{"rendered":"A seca no Algarve: Como poupar \u00e1gua"},"content":{"rendered":"<p><em>A regi\u00e3o do Algarve debate-se atualmente com uma crise de \u00e1gua sem precedentes. Siga as nossas dicas pr\u00e1ticas de poupan\u00e7a de \u00e1gua e descubra como Vilamoura est\u00e1 a trabalhar para contribuir para a solu\u00e7\u00e3o deste problema. <\/em><\/p>\n<p>&nbsp;<\/p>\n<p><strong>O agravamento da seca<\/strong><\/p>\n<p>A \u00e1gua \u00e9 indispens\u00e1vel \u00e0 vida, mas \u00e0 medida que o nosso planeta se debate com as consequ\u00eancias das altera\u00e7\u00f5es clim\u00e1ticas, a frequ\u00eancia e a gravidade das secas est\u00e3o a aumentar, colocando amea\u00e7as significativas \u00e0 disponibilidade da \u00e1gua para os v\u00e1rios usos pelo ser humano, mas tamb\u00e9m para a biodiversidade.<\/p>\n<p>O nosso pr\u00f3prio Algarve \u00e9 uma dessas zonas mais afetadas, enfrentando atualmente a seca mais grave de que h\u00e1 registo. Tendo em conta as altera\u00e7\u00f5es clim\u00e1ticas, \u00e9 pouco prov\u00e1vel que este desafio seja um contratempo tempor\u00e1rio, mas sim uma quest\u00e3o a longo prazo, que exige uma aten\u00e7\u00e3o urgente e solu\u00e7\u00f5es de colabora\u00e7\u00e3o por parte de cada um de n\u00f3s que vivemos na comunidade.<\/p>\n<p>&nbsp;<\/p>\n<p><strong>Aproxima\u00e7\u00e3o de um estado de calamidade <\/strong><\/p>\n<p>A crise \u00e9 t\u00e3o grave que o Governo portugu\u00eas admitiu que poder\u00e1 ter de declarar o estado de calamidade no Algarve se a situa\u00e7\u00e3o de seca na regi\u00e3o n\u00e3o melhorar at\u00e9 junho. Isto daria ao governo a autoridade para impor limites ao nosso consumo de \u00e1gua n\u00e3o essencial, juntamente com medidas de racionamento nos servi\u00e7os p\u00fablicos de abastecimento de \u00e1gua.<\/p>\n<p>Ent\u00e3o, o que \u00e9 que podemos fazer? \u00c9 essencial que todos trabalhemos em conjunto em Vilamoura para poupar \u00e1gua, de modo a cumprir estes objetivos e, sempre que poss\u00edvel, ultrapass\u00e1-los, sob o risco de chegarmos a um ponto em que j\u00e1 n\u00e3o tenhamos \u00e1gua.<\/p>\n<p>&nbsp;<\/p>\n<p><strong>A Abordagem de Vilamoura: O nosso compromisso com a conserva\u00e7\u00e3o da \u00e1gua<\/strong><\/p>\n<p>Em Vilamoura estamos tamb\u00e9m a fazer a nossa parte para combater o agravamento da seca. Vilamoura e a sua Marina est\u00e3o empenhadas numa gest\u00e3o respons\u00e1vel da \u00e1gua, com enfoque na inova\u00e7\u00e3o, educa\u00e7\u00e3o, colabora\u00e7\u00e3o comunit\u00e1ria e arquitetura sustent\u00e1vel.<\/p>\n<p>A Marina est\u00e1 certificada com as normas ISO 14001 e ISO 9001 desde 2002 e 2004, respetivamente, exemplificando um compromisso com elevados padr\u00f5es ambientais de qualidade do servi\u00e7o prestado ao cliente, e todos os projetos imobili\u00e1rios est\u00e3o certificados com a certifica\u00e7\u00e3o energ\u00e9tica A+ (EC), a certifica\u00e7\u00e3o de efici\u00eancia h\u00eddrica AQUA + A-rated e a LIDER A-rated. Isto significa que existe uma classifica\u00e7\u00e3o que determina e comunica o desempenho h\u00eddrico dos edif\u00edcios numa escala de F (menos eficiente) a A+ (mais eficiente).<\/p>\n<p>A nossa preocupa\u00e7\u00e3o com a sustentabilidade n\u00e3o se fica por aqui. Aqui est\u00e3o outras formas de atenuar a seca:<\/p>\n<p>&nbsp;<\/p>\n<p><strong>Controlo da qualidade da \u00e1gua e gest\u00e3o de res\u00edduos<\/strong><\/p>\n<p>A monitoriza\u00e7\u00e3o mensal da qualidade da \u00e1gua, a redu\u00e7\u00e3o e separa\u00e7\u00e3o dos res\u00edduos e o tratamento especializado dos res\u00edduos perigosos demonstram o empenhamento da Marina em pr\u00e1ticas ambientais respons\u00e1veis.<\/p>\n<p><strong>Consumo racional de recursos<\/strong><\/p>\n<p>A sustentabilidade est\u00e1 no centro dos projetos de remodela\u00e7\u00e3o, centrando-se na minimiza\u00e7\u00e3o do consumo de \u00e1gua e eletricidade sem comprometer o conforto dos utilizadores.<\/p>\n<p><strong>Forma\u00e7\u00e3o e qualifica\u00e7\u00f5es<\/strong><\/p>\n<p>Os investimentos na forma\u00e7\u00e3o do pessoal asseguram que os trabalhadores disp\u00f5em dos conhecimentos e das qualifica\u00e7\u00f5es necess\u00e1rias. A forma\u00e7\u00e3o especializada em mat\u00e9ria de interven\u00e7\u00e3o em caso de emerg\u00eancia sublinha o empenhamento da Marina na seguran\u00e7a.<\/p>\n<p><strong>Atividades de sensibiliza\u00e7\u00e3o ambiental<\/strong><\/p>\n<p>O envolvimento das crian\u00e7as das escolas locais em atividades ambientais tem\u00e1ticas promove a sensibiliza\u00e7\u00e3o e incute um sentido de responsabilidade pela conserva\u00e7\u00e3o do ambiente desde tenra idade.<\/p>\n<p><strong>Contributos de todos<\/strong><\/p>\n<p>O incentivo \u00e0 separa\u00e7\u00e3o dos res\u00edduos, a utiliza\u00e7\u00e3o do sistema de pump-out (aspira\u00e7\u00e3o de \u00e1guas residuais e \u00e1guas oleosas), o cumprimento rigoroso das pr\u00e1ticas de lavagem das embarca\u00e7\u00f5es e as medidas de preven\u00e7\u00e3o e resposta a derrames demonstram um compromisso com atividades respons\u00e1veis na marina.<\/p>\n<p><strong>Resposta \u00e0 crise da \u00e1gua<\/strong><\/p>\n<p>Implementar ativamente medidas adicionais de poupan\u00e7a de \u00e1gua nas nossas propriedades. Os residentes e os clientes s\u00e3o instados a participar na promo\u00e7\u00e3o de um compromisso comunit\u00e1rio de conserva\u00e7\u00e3o da \u00e1gua.<\/p>\n<p><strong>Tecnologias inovadoras de poupan\u00e7a de \u00e1gua<\/strong><\/p>\n<p>Investir em tecnologias inovadoras para revolucionar o consumo de \u00e1gua. Estas tecnologias, que v\u00e3o desde sistemas de rega inteligentes a instala\u00e7\u00f5es sanit\u00e1rias avan\u00e7adas, bem como o aproveitamento de \u00e1guas n\u00e3o pot\u00e1veis (pluviais ou residuais) e a utiliza\u00e7\u00e3o de \u00e1gua salgada (exemplo, para lavagens), demonstram o empenho em manter-se na vanguarda de uma vida mais sustent\u00e1vel.<\/p>\n<p><strong>Sistemas de irriga\u00e7\u00e3o inteligentes<\/strong><\/p>\n<p>Os sistemas de rega inteligentes utilizam dados em tempo real e previs\u00f5es meteorol\u00f3gicas para otimizar os calend\u00e1rios de rega. Ao fornecer eficientemente a quantidade certa de \u00e1gua no momento certo, estes sistemas minimizam o desperd\u00edcio de \u00e1gua na jardinagem, contribuindo para um ambiente mais verde.<\/p>\n<p><strong>Iniciativas de reciclagem da \u00e1gua<\/strong><\/p>\n<p>A explora\u00e7\u00e3o de iniciativas de reciclagem de \u00e1gua para propriedades residenciais e comerciais \u00e9 um dos principais objetivos. Os sistemas de reciclagem de \u00e1guas cinzentas, que redirecionam a \u00e1gua dos lavat\u00f3rios e dos duches para utiliza\u00e7\u00f5es n\u00e3o pot\u00e1veis, como a irriga\u00e7\u00e3o, reduzem ainda mais a procura de \u00e1gua.<\/p>\n<p><strong>Paisagismo resistente \u00e0 seca<\/strong><\/p>\n<p>A promo\u00e7\u00e3o da utiliza\u00e7\u00e3o de plantas aut\u00f3ctones e resistentes \u00e0 seca na paisagem n\u00e3o s\u00f3 melhora o aspeto est\u00e9tico como tamb\u00e9m reduz a necessidade de rega excessiva. Esta abordagem paisag\u00edstica sustent\u00e1vel alinha-se com os esfor\u00e7os globais para conservar a \u00e1gua nos empreendimentos urbanos.<\/p>\n<p><strong>Envolvimento da comunidade e educa\u00e7\u00e3o<\/strong><\/p>\n<p>Conscientes do poder transformador do envolvimento da comunidade, estamos a lan\u00e7ar programas educativos e workshops. Estas iniciativas visam capacitar os residentes, as empresas locais e os visitantes com os conhecimentos e as compet\u00eancias necess\u00e1rias para uma utiliza\u00e7\u00e3o respons\u00e1vel da \u00e1gua.<\/p>\n<p><strong>Iniciativas de colabora\u00e7\u00e3o para a conserva\u00e7\u00e3o da \u00e1gua<\/strong><\/p>\n<p>Reconhecendo que a resolu\u00e7\u00e3o da crise da \u00e1gua exige uma abordagem colaborativa, estamos a colaborar ativamente com as autoridades locais, organiza\u00e7\u00f5es ambientais e outras partes interessadas para promover mudan\u00e7as com impacto.<\/p>\n<p><strong>Defesa de pol\u00edticas sustent\u00e1veis:<\/strong><\/p>\n<p>A defesa ativa de pol\u00edticas de gest\u00e3o sustent\u00e1vel da \u00e1gua a n\u00edvel local e regional \u00e9 essencial para criar um ambiente prop\u00edcio \u00e0 conserva\u00e7\u00e3o. O nosso objetivo \u00e9 ser uma voz para a mudan\u00e7a, participando em di\u00e1logos e f\u00f3runs que influenciam as decis\u00f5es pol\u00edticas.<\/p>\n<p><strong>O papel da arquitetura sustent\u00e1vel<\/strong><\/p>\n<p>Ado\u00e7\u00e3o de princ\u00edpios de arquitetura sustent\u00e1vel para conceber propriedades que promovam inerentemente a efici\u00eancia h\u00eddrica. Desde sistemas de recolha de \u00e1guas pluviais a materiais de constru\u00e7\u00e3o ecol\u00f3gicos, estas inova\u00e7\u00f5es arquitect\u00f3nicas contribuem para uma pegada ecol\u00f3gica reduzida.<\/p>\n<p><strong>Sistemas de recolha de \u00e1gua da chuva<\/strong><\/p>\n<p>A implementa\u00e7\u00e3o de sistemas de recolha de \u00e1guas pluviais em empreendimentos residenciais e comerciais capta e armazena a \u00e1gua da chuva para utiliza\u00e7\u00e3o posterior. Esta pr\u00e1tica sustent\u00e1vel n\u00e3o s\u00f3 reduz a depend\u00eancia das fontes de \u00e1gua tradicionais, como tamb\u00e9m proporciona um abastecimento de \u00e1gua adicional durante os per\u00edodos de seca.<\/p>\n<p><strong>Materiais de constru\u00e7\u00e3o ecol\u00f3gicos<\/strong><\/p>\n<p>A escolha de materiais de constru\u00e7\u00e3o ecol\u00f3gicos que requerem menos \u00e1gua nos seus processos de produ\u00e7\u00e3o \u00e9 uma decis\u00e3o consciente. Para al\u00e9m disso, estes materiais contribuem para a efici\u00eancia energ\u00e9tica, em linha com o compromisso de Vilamoura para com a sustentabilidade hol\u00edstica.<\/p>\n<p>\u00c0 medida que todos n\u00f3s enfrentamos os desafios colocados pela crise da \u00e1gua, o compromisso de Vilamoura mant\u00e9m-se firme, servindo como um farol de inspira\u00e7\u00e3o para uma vida sustent\u00e1vel em Vilamoura e n\u00e3o s\u00f3. Convidamos todos a juntarem-se a n\u00f3s nesta viagem transformadora rumo a um futuro seguro em termos de \u00e1gua e ambientalmente mais consciente.<\/p>\n","protected":false},"excerpt":{"rendered":"<p>A regi\u00e3o do Algarve debate-se atualmente com uma crise de \u00e1gua sem precedentes. Siga as nossas dicas pr\u00e1ticas de poupan\u00e7a de \u00e1gua e descubra como Vilamoura est\u00e1 a trabalhar para contribuir para a solu\u00e7\u00e3o deste problema. &nbsp; O agravamento da seca A \u00e1gua \u00e9 indispens\u00e1vel \u00e0 vida, mas \u00e0 medida que o nosso planeta se [&hellip;]<\/p>\n","protected":false},"author":24,"featured_media":8149,"comment_status":"closed","ping_status":"open","sticky":false,"template":"","format":"standard","meta":{"footnotes":""},"categories":[97],"tags":[],"class_list":["post-8150","post","type-post","status-publish","format-standard","has-post-thumbnail","hentry","category-sustentabilidade-em"],"yoast_head":"<!-- This site is optimized with the Yoast SEO plugin v27.1.1 - https:\/\/yoast.com\/product\/yoast-seo-wordpress\/ -->\n<title>A seca no Algarve: Como poupar \u00e1gua - *Vilamoura<\/title>\n<meta name=\"robots\" content=\"index, follow, max-snippet:-1, max-image-preview:large, max-video-preview:-1\" \/>\n<link rel=\"canonical\" href=\"https:\/\/www.vilamouraworld.com\/pt-pt\/blog\/a-seca-no-algarve-como-poupar-agua\/\" \/>\n<meta property=\"og:locale\" content=\"pt_PT\" \/>\n<meta property=\"og:type\" content=\"article\" \/>\n<meta property=\"og:title\" content=\"A seca no Algarve: Como poupar \u00e1gua - *Vilamoura\" \/>\n<meta property=\"og:description\" content=\"A regi\u00e3o do Algarve debate-se atualmente com uma crise de \u00e1gua sem precedentes. Siga as nossas dicas pr\u00e1ticas de poupan\u00e7a de \u00e1gua e descubra como Vilamoura est\u00e1 a trabalhar para contribuir para a solu\u00e7\u00e3o deste problema. &nbsp; O agravamento da seca A \u00e1gua \u00e9 indispens\u00e1vel \u00e0 vida, mas \u00e0 medida que o nosso planeta se [&hellip;]\" \/>\n<meta property=\"og:url\" content=\"https:\/\/www.vilamouraworld.com\/pt-pt\/blog\/a-seca-no-algarve-como-poupar-agua\/\" \/>\n<meta property=\"og:site_name\" content=\"*Vilamoura\" \/>\n<meta property=\"article:published_time\" content=\"2024-02-29T14:52:34+00:00\" \/>\n<meta property=\"article:modified_time\" content=\"2024-03-01T15:14:14+00:00\" \/>\n<meta property=\"og:image\" content=\"https:\/\/www.vilamouraworld.com\/wp-content\/uploads\/2024\/02\/xxxxx.jpg\" \/>\n\t<meta property=\"og:image:width\" content=\"1920\" \/>\n\t<meta property=\"og:image:height\" content=\"1280\" \/>\n\t<meta property=\"og:image:type\" content=\"image\/jpeg\" \/>\n<meta name=\"author\" content=\"from\" \/>\n<meta name=\"twitter:card\" content=\"summary_large_image\" \/>\n<meta name=\"twitter:label1\" content=\"Escrito por\" \/>\n\t<meta name=\"twitter:data1\" content=\"from\" \/>\n\t<meta name=\"twitter:label2\" content=\"Tempo estimado de leitura\" \/>\n\t<meta name=\"twitter:data2\" content=\"6 minutos\" \/>\n<script type=\"application\/ld+json\" class=\"yoast-schema-graph\">{\"@context\":\"https:\/\/schema.org\",\"@graph\":[{\"@type\":\"Article\",\"@id\":\"https:\/\/www.vilamouraworld.com\/pt-pt\/blog\/a-seca-no-algarve-como-poupar-agua\/#article\",\"isPartOf\":{\"@id\":\"https:\/\/www.vilamouraworld.com\/pt-pt\/blog\/a-seca-no-algarve-como-poupar-agua\/\"},\"author\":{\"name\":\"from\",\"@id\":\"https:\/\/www.vilamouraworld.com\/#\/schema\/person\/60a2390d957ec7a8ee5b32682bad0a9b\"},\"headline\":\"A seca no Algarve: Como poupar \u00e1gua\",\"datePublished\":\"2024-02-29T14:52:34+00:00\",\"dateModified\":\"2024-03-01T15:14:14+00:00\",\"mainEntityOfPage\":{\"@id\":\"https:\/\/www.vilamouraworld.com\/pt-pt\/blog\/a-seca-no-algarve-como-poupar-agua\/\"},\"wordCount\":1348,\"publisher\":{\"@id\":\"https:\/\/www.vilamouraworld.com\/#organization\"},\"image\":{\"@id\":\"https:\/\/www.vilamouraworld.com\/pt-pt\/blog\/a-seca-no-algarve-como-poupar-agua\/#primaryimage\"},\"thumbnailUrl\":\"https:\/\/www.vilamouraworld.com\/wp-content\/uploads\/2024\/02\/xxxxx.jpg\",\"articleSection\":[\"Sustentabilidade em*\"],\"inLanguage\":\"pt-PT\"},{\"@type\":\"WebPage\",\"@id\":\"https:\/\/www.vilamouraworld.com\/pt-pt\/blog\/a-seca-no-algarve-como-poupar-agua\/\",\"url\":\"https:\/\/www.vilamouraworld.com\/pt-pt\/blog\/a-seca-no-algarve-como-poupar-agua\/\",\"name\":\"A seca no Algarve: Como poupar \u00e1gua - *Vilamoura\",\"isPartOf\":{\"@id\":\"https:\/\/www.vilamouraworld.com\/#website\"},\"primaryImageOfPage\":{\"@id\":\"https:\/\/www.vilamouraworld.com\/pt-pt\/blog\/a-seca-no-algarve-como-poupar-agua\/#primaryimage\"},\"image\":{\"@id\":\"https:\/\/www.vilamouraworld.com\/pt-pt\/blog\/a-seca-no-algarve-como-poupar-agua\/#primaryimage\"},\"thumbnailUrl\":\"https:\/\/www.vilamouraworld.com\/wp-content\/uploads\/2024\/02\/xxxxx.jpg\",\"datePublished\":\"2024-02-29T14:52:34+00:00\",\"dateModified\":\"2024-03-01T15:14:14+00:00\",\"breadcrumb\":{\"@id\":\"https:\/\/www.vilamouraworld.com\/pt-pt\/blog\/a-seca-no-algarve-como-poupar-agua\/#breadcrumb\"},\"inLanguage\":\"pt-PT\",\"potentialAction\":[{\"@type\":\"ReadAction\",\"target\":[\"https:\/\/www.vilamouraworld.com\/pt-pt\/blog\/a-seca-no-algarve-como-poupar-agua\/\"]}]},{\"@type\":\"ImageObject\",\"inLanguage\":\"pt-PT\",\"@id\":\"https:\/\/www.vilamouraworld.com\/pt-pt\/blog\/a-seca-no-algarve-como-poupar-agua\/#primaryimage\",\"url\":\"https:\/\/www.vilamouraworld.com\/wp-content\/uploads\/2024\/02\/xxxxx.jpg\",\"contentUrl\":\"https:\/\/www.vilamouraworld.com\/wp-content\/uploads\/2024\/02\/xxxxx.jpg\",\"width\":1920,\"height\":1280},{\"@type\":\"BreadcrumbList\",\"@id\":\"https:\/\/www.vilamouraworld.com\/pt-pt\/blog\/a-seca-no-algarve-como-poupar-agua\/#breadcrumb\",\"itemListElement\":[{\"@type\":\"ListItem\",\"position\":1,\"name\":\"Home\",\"item\":\"https:\/\/www.vilamouraworld.com\/\"},{\"@type\":\"ListItem\",\"position\":2,\"name\":\"A seca no Algarve: Como poupar \u00e1gua\"}]},{\"@type\":\"WebSite\",\"@id\":\"https:\/\/www.vilamouraworld.com\/#website\",\"url\":\"https:\/\/www.vilamouraworld.com\/\",\"name\":\"*Vilamoura\",\"description\":\"Becoming Extraordinary\",\"publisher\":{\"@id\":\"https:\/\/www.vilamouraworld.com\/#organization\"},\"potentialAction\":[{\"@type\":\"SearchAction\",\"target\":{\"@type\":\"EntryPoint\",\"urlTemplate\":\"https:\/\/www.vilamouraworld.com\/?s={search_term_string}\"},\"query-input\":{\"@type\":\"PropertyValueSpecification\",\"valueRequired\":true,\"valueName\":\"search_term_string\"}}],\"inLanguage\":\"pt-PT\"},{\"@type\":\"Organization\",\"@id\":\"https:\/\/www.vilamouraworld.com\/#organization\",\"name\":\"*Vilamoura\",\"url\":\"https:\/\/www.vilamouraworld.com\/\",\"logo\":{\"@type\":\"ImageObject\",\"inLanguage\":\"pt-PT\",\"@id\":\"https:\/\/www.vilamouraworld.com\/#\/schema\/logo\/image\/\",\"url\":\"https:\/\/www.vilamouraworld.com\/wp-content\/uploads\/2023\/07\/Vilamoura_Logo_White.svg\",\"contentUrl\":\"https:\/\/www.vilamouraworld.com\/wp-content\/uploads\/2023\/07\/Vilamoura_Logo_White.svg\",\"width\":6199,\"height\":960,\"caption\":\"*Vilamoura\"},\"image\":{\"@id\":\"https:\/\/www.vilamouraworld.com\/#\/schema\/logo\/image\/\"}},{\"@type\":\"Person\",\"@id\":\"https:\/\/www.vilamouraworld.com\/#\/schema\/person\/60a2390d957ec7a8ee5b32682bad0a9b\",\"name\":\"from\",\"url\":\"https:\/\/www.vilamouraworld.com\/pt-pt\/blog\/author\/from\/\"}]}<\/script>\n<!-- \/ Yoast SEO plugin. -->","yoast_head_json":{"title":"A seca no Algarve: Como poupar \u00e1gua - *Vilamoura","robots":{"index":"index","follow":"follow","max-snippet":"max-snippet:-1","max-image-preview":"max-image-preview:large","max-video-preview":"max-video-preview:-1"},"canonical":"https:\/\/www.vilamouraworld.com\/pt-pt\/blog\/a-seca-no-algarve-como-poupar-agua\/","og_locale":"pt_PT","og_type":"article","og_title":"A seca no Algarve: Como poupar \u00e1gua - *Vilamoura","og_description":"A regi\u00e3o do Algarve debate-se atualmente com uma crise de \u00e1gua sem precedentes. Siga as nossas dicas pr\u00e1ticas de poupan\u00e7a de \u00e1gua e descubra como Vilamoura est\u00e1 a trabalhar para contribuir para a solu\u00e7\u00e3o deste problema. &nbsp; O agravamento da seca A \u00e1gua \u00e9 indispens\u00e1vel \u00e0 vida, mas \u00e0 medida que o nosso planeta se [&hellip;]","og_url":"https:\/\/www.vilamouraworld.com\/pt-pt\/blog\/a-seca-no-algarve-como-poupar-agua\/","og_site_name":"*Vilamoura","article_published_time":"2024-02-29T14:52:34+00:00","article_modified_time":"2024-03-01T15:14:14+00:00","og_image":[{"width":1920,"height":1280,"url":"https:\/\/www.vilamouraworld.com\/wp-content\/uploads\/2024\/02\/xxxxx.jpg","type":"image\/jpeg"}],"author":"from","twitter_card":"summary_large_image","twitter_misc":{"Escrito por":"from","Tempo estimado de leitura":"6 minutos"},"schema":{"@context":"https:\/\/schema.org","@graph":[{"@type":"Article","@id":"https:\/\/www.vilamouraworld.com\/pt-pt\/blog\/a-seca-no-algarve-como-poupar-agua\/#article","isPartOf":{"@id":"https:\/\/www.vilamouraworld.com\/pt-pt\/blog\/a-seca-no-algarve-como-poupar-agua\/"},"author":{"name":"from","@id":"https:\/\/www.vilamouraworld.com\/#\/schema\/person\/60a2390d957ec7a8ee5b32682bad0a9b"},"headline":"A seca no Algarve: Como poupar \u00e1gua","datePublished":"2024-02-29T14:52:34+00:00","dateModified":"2024-03-01T15:14:14+00:00","mainEntityOfPage":{"@id":"https:\/\/www.vilamouraworld.com\/pt-pt\/blog\/a-seca-no-algarve-como-poupar-agua\/"},"wordCount":1348,"publisher":{"@id":"https:\/\/www.vilamouraworld.com\/#organization"},"image":{"@id":"https:\/\/www.vilamouraworld.com\/pt-pt\/blog\/a-seca-no-algarve-como-poupar-agua\/#primaryimage"},"thumbnailUrl":"https:\/\/www.vilamouraworld.com\/wp-content\/uploads\/2024\/02\/xxxxx.jpg","articleSection":["Sustentabilidade em*"],"inLanguage":"pt-PT"},{"@type":"WebPage","@id":"https:\/\/www.vilamouraworld.com\/pt-pt\/blog\/a-seca-no-algarve-como-poupar-agua\/","url":"https:\/\/www.vilamouraworld.com\/pt-pt\/blog\/a-seca-no-algarve-como-poupar-agua\/","name":"A seca no Algarve: Como poupar \u00e1gua - *Vilamoura","isPartOf":{"@id":"https:\/\/www.vilamouraworld.com\/#website"},"primaryImageOfPage":{"@id":"https:\/\/www.vilamouraworld.com\/pt-pt\/blog\/a-seca-no-algarve-como-poupar-agua\/#primaryimage"},"image":{"@id":"https:\/\/www.vilamouraworld.com\/pt-pt\/blog\/a-seca-no-algarve-como-poupar-agua\/#primaryimage"},"thumbnailUrl":"https:\/\/www.vilamouraworld.com\/wp-content\/uploads\/2024\/02\/xxxxx.jpg","datePublished":"2024-02-29T14:52:34+00:00","dateModified":"2024-03-01T15:14:14+00:00","breadcrumb":{"@id":"https:\/\/www.vilamouraworld.com\/pt-pt\/blog\/a-seca-no-algarve-como-poupar-agua\/#breadcrumb"},"inLanguage":"pt-PT","potentialAction":[{"@type":"ReadAction","target":["https:\/\/www.vilamouraworld.com\/pt-pt\/blog\/a-seca-no-algarve-como-poupar-agua\/"]}]},{"@type":"ImageObject","inLanguage":"pt-PT","@id":"https:\/\/www.vilamouraworld.com\/pt-pt\/blog\/a-seca-no-algarve-como-poupar-agua\/#primaryimage","url":"https:\/\/www.vilamouraworld.com\/wp-content\/uploads\/2024\/02\/xxxxx.jpg","contentUrl":"https:\/\/www.vilamouraworld.com\/wp-content\/uploads\/2024\/02\/xxxxx.jpg","width":1920,"height":1280},{"@type":"BreadcrumbList","@id":"https:\/\/www.vilamouraworld.com\/pt-pt\/blog\/a-seca-no-algarve-como-poupar-agua\/#breadcrumb","itemListElement":[{"@type":"ListItem","position":1,"name":"Home","item":"https:\/\/www.vilamouraworld.com\/"},{"@type":"ListItem","position":2,"name":"A seca no Algarve: Como poupar \u00e1gua"}]},{"@type":"WebSite","@id":"https:\/\/www.vilamouraworld.com\/#website","url":"https:\/\/www.vilamouraworld.com\/","name":"*Vilamoura","description":"Becoming Extraordinary","publisher":{"@id":"https:\/\/www.vilamouraworld.com\/#organization"},"potentialAction":[{"@type":"SearchAction","target":{"@type":"EntryPoint","urlTemplate":"https:\/\/www.vilamouraworld.com\/?s={search_term_string}"},"query-input":{"@type":"PropertyValueSpecification","valueRequired":true,"valueName":"search_term_string"}}],"inLanguage":"pt-PT"},{"@type":"Organization","@id":"https:\/\/www.vilamouraworld.com\/#organization","name":"*Vilamoura","url":"https:\/\/www.vilamouraworld.com\/","logo":{"@type":"ImageObject","inLanguage":"pt-PT","@id":"https:\/\/www.vilamouraworld.com\/#\/schema\/logo\/image\/","url":"https:\/\/www.vilamouraworld.com\/wp-content\/uploads\/2023\/07\/Vilamoura_Logo_White.svg","contentUrl":"https:\/\/www.vilamouraworld.com\/wp-content\/uploads\/2023\/07\/Vilamoura_Logo_White.svg","width":6199,"height":960,"caption":"*Vilamoura"},"image":{"@id":"https:\/\/www.vilamouraworld.com\/#\/schema\/logo\/image\/"}},{"@type":"Person","@id":"https:\/\/www.vilamouraworld.com\/#\/schema\/person\/60a2390d957ec7a8ee5b32682bad0a9b","name":"from","url":"https:\/\/www.vilamouraworld.com\/pt-pt\/blog\/author\/from\/"}]}},"_links":{"self":[{"href":"https:\/\/www.vilamouraworld.com\/pt-pt\/wp-json\/wp\/v2\/posts\/8150","targetHints":{"allow":["GET"]}}],"collection":[{"href":"https:\/\/www.vilamouraworld.com\/pt-pt\/wp-json\/wp\/v2\/posts"}],"about":[{"href":"https:\/\/www.vilamouraworld.com\/pt-pt\/wp-json\/wp\/v2\/types\/post"}],"author":[{"embeddable":true,"href":"https:\/\/www.vilamouraworld.com\/pt-pt\/wp-json\/wp\/v2\/users\/24"}],"replies":[{"embeddable":true,"href":"https:\/\/www.vilamouraworld.com\/pt-pt\/wp-json\/wp\/v2\/comments?post=8150"}],"version-history":[{"count":5,"href":"https:\/\/www.vilamouraworld.com\/pt-pt\/wp-json\/wp\/v2\/posts\/8150\/revisions"}],"predecessor-version":[{"id":8187,"href":"https:\/\/www.vilamouraworld.com\/pt-pt\/wp-json\/wp\/v2\/posts\/8150\/revisions\/8187"}],"wp:featuredmedia":[{"embeddable":true,"href":"https:\/\/www.vilamouraworld.com\/pt-pt\/wp-json\/wp\/v2\/media\/8149"}],"wp:attachment":[{"href":"https:\/\/www.vilamouraworld.com\/pt-pt\/wp-json\/wp\/v2\/media?parent=8150"}],"wp:term":[{"taxonomy":"category","embeddable":true,"href":"https:\/\/www.vilamouraworld.com\/pt-pt\/wp-json\/wp\/v2\/categories?post=8150"},{"taxonomy":"post_tag","embeddable":true,"href":"https:\/\/www.vilamouraworld.com\/pt-pt\/wp-json\/wp\/v2\/tags?post=8150"}],"curies":[{"name":"wp","href":"https:\/\/api.w.org\/{rel}","templated":true}]}}