{"id":5160,"date":"2023-09-14T16:30:10","date_gmt":"2023-09-14T15:30:10","guid":{"rendered":"https:\/\/www.vilamouraworld.com\/insight\/eletricista-m-f\/"},"modified":"2024-08-29T12:29:57","modified_gmt":"2024-08-29T11:29:57","slug":"comercial-imobiliario-m-f","status":"publish","type":"post","link":"https:\/\/www.vilamouraworld.com\/pt-pt\/blog\/comercial-imobiliario-m-f\/","title":{"rendered":"Comercial &#8211; Imobili\u00e1rio (m\/f)"},"content":{"rendered":"\t\t<div data-elementor-type=\"wp-post\" data-elementor-id=\"5160\" class=\"elementor elementor-5160 elementor-3543\" data-elementor-post-type=\"post\">\n\t\t\t\t\t\t<section class=\"elementor-section elementor-top-section elementor-element elementor-element-1a3ec21e elementor-section-full_width elementor-section-height-default elementor-section-height-default\" data-id=\"1a3ec21e\" data-element_type=\"section\" data-e-type=\"section\">\n\t\t\t\t\t\t<div class=\"elementor-container elementor-column-gap-default\">\n\t\t\t\t\t<div class=\"elementor-column elementor-col-100 elementor-top-column elementor-element elementor-element-6b61cdf4\" data-id=\"6b61cdf4\" data-element_type=\"column\" data-e-type=\"column\">\n\t\t\t<div class=\"elementor-widget-wrap elementor-element-populated\">\n\t\t\t\t<div class=\"elementor-element elementor-element-2f28e1f7 e-con-full e-flex e-con e-parent\" data-id=\"2f28e1f7\" data-element_type=\"container\" data-e-type=\"container\" data-settings=\"{&quot;background_background&quot;:&quot;classic&quot;}\">\n\t\t\t\t<div class=\"elementor-element elementor-element-998218a elementor-widget elementor-widget-heading\" data-id=\"998218a\" data-element_type=\"widget\" data-e-type=\"widget\" data-widget_type=\"heading.default\">\n\t\t\t\t<div class=\"elementor-widget-container\">\n\t\t\t\t\t<h2 class=\"elementor-heading-title elementor-size-default\">Descri\u00e7\u00e3o do emprego<\/h2>\t\t\t\t<\/div>\n\t\t\t\t<\/div>\n\t\t\t\t<div class=\"elementor-element elementor-element-51a918ee elementor-widget elementor-widget-text-editor\" data-id=\"51a918ee\" data-element_type=\"widget\" data-e-type=\"widget\" data-widget_type=\"text-editor.default\">\n\t\t\t\t<div class=\"elementor-widget-container\">\n\t\t\t\t\t\t\t\t\t<p>&#8211; Acompanhar e dar continuidade \u00e0 carteira de clientes do grupo<br \/>&#8211; Detetar as necessidades do cliente e sugerir as melhores op\u00e7\u00f5es<br \/>&#8211; Aplicar t\u00e9cnicas de venda, orientando o cliente para solu\u00e7\u00f5es adequadas ao seu<br \/>perfil de investimento de modo a conseguir obter fechos de vendas<br \/>&#8211; Assegurar o funcionamento dos stands de vendas dos respetivos projetos imobili\u00e1rios<br \/>&#8211; Efetuar apresenta\u00e7\u00f5es comerciais em conformidade com os procedimentos da<br \/>empresa<br \/>&#8211; Participar em feiras, ou eventos de promo\u00e7\u00e3o dos empreendimentos imobili\u00e1rios em<br \/>comercializa\u00e7\u00e3o<\/p><\/p>\n\t\t\t\t\t\t\t\t<\/div>\n\t\t\t\t<\/div>\n\t\t\t\t<div class=\"elementor-element elementor-element-c2c2ebb elementor-widget elementor-widget-heading\" data-id=\"c2c2ebb\" data-element_type=\"widget\" data-e-type=\"widget\" data-widget_type=\"heading.default\">\n\t\t\t\t<div class=\"elementor-widget-container\">\n\t\t\t\t\t<h2 class=\"elementor-heading-title elementor-size-default\">COMPET\u00caNCIAS T\u00c9CNICAS<\/h2>\t\t\t\t<\/div>\n\t\t\t\t<\/div>\n\t\t\t\t<div class=\"elementor-element elementor-element-ff814e3 elementor-widget elementor-widget-text-editor\" data-id=\"ff814e3\" data-element_type=\"widget\" data-e-type=\"widget\" data-widget_type=\"text-editor.default\">\n\t\t\t\t<div class=\"elementor-widget-container\">\n\t\t\t\t\t\t\t\t\t<p>&#8211; Compreens\u00e3o dos princ\u00edpios de venda e pr\u00e1ticas de atendimento ao cliente<br \/>&#8211; Portugu\u00eas como l\u00edngua materna e profici\u00eancia da l\u00edngua inglesa<br \/>&#8211; Profici\u00eancia no uso de ferramentas digitais<\/p><\/p>\n\t\t\t\t\t\t\t\t<\/div>\n\t\t\t\t<\/div>\n\t\t\t\t<div class=\"elementor-element elementor-element-3d4b040 elementor-widget elementor-widget-heading\" data-id=\"3d4b040\" data-element_type=\"widget\" data-e-type=\"widget\" data-widget_type=\"heading.default\">\n\t\t\t\t<div class=\"elementor-widget-container\">\n\t\t\t\t\t<h2 class=\"elementor-heading-title elementor-size-default\">COMPET\u00caNCIAS COMPORTAMENTAIS<\/h2>\t\t\t\t<\/div>\n\t\t\t\t<\/div>\n\t\t\t\t<div class=\"elementor-element elementor-element-318b7c4 elementor-widget elementor-widget-text-editor\" data-id=\"318b7c4\" data-element_type=\"widget\" data-e-type=\"widget\" data-widget_type=\"text-editor.default\">\n\t\t\t\t<div class=\"elementor-widget-container\">\n\t\t\t\t\t\t\t\t\t<p>&#8211; Empatia e capacidade de comunica\u00e7\u00e3o<br \/>&#8211; Personalidade amig\u00e1vel com foco no cliente<br \/>&#8211; Proatividade<\/p>\n\t\t\t\t\t\t\t\t<\/div>\n\t\t\t\t<\/div>\n\t\t\t\t<\/div>\n\t\t\t\t\t<\/div>\n\t\t<\/div>\n\t\t\t\t\t<\/div>\n\t\t<\/section>\n\t\t<div class=\"elementor-element elementor-element-6eb0b29 e-flex e-con-boxed e-con e-parent\" data-id=\"6eb0b29\" data-element_type=\"container\" data-e-type=\"container\">\n\t\t\t\t\t<div class=\"e-con-inner\">\n\t\t\t\t\t<\/div>\n\t\t\t\t<\/div>\n\t\t\t\t<\/div>\n\t\t","protected":false},"excerpt":{"rendered":"<p>Descri\u00e7\u00e3o do emprego &#8211; Acompanhar e dar continuidade \u00e0 carteira de clientes do grupo&#8211; Detetar as necessidades do cliente e sugerir as melhores op\u00e7\u00f5es&#8211; Aplicar t\u00e9cnicas de venda, orientando o cliente para solu\u00e7\u00f5es adequadas ao seuperfil de investimento de modo a conseguir obter fechos de vendas&#8211; Assegurar o funcionamento dos stands de vendas dos respetivos [&hellip;]<\/p>\n","protected":false},"author":24,"featured_media":10869,"comment_status":"open","ping_status":"open","sticky":false,"template":"elementor_theme","format":"standard","meta":{"footnotes":""},"categories":[24],"tags":[],"class_list":["post-5160","post","type-post","status-publish","format-standard","has-post-thumbnail","hentry","category-trabalhar-em"],"yoast_head":"<!-- This site is optimized with the Yoast SEO plugin v27.1.1 - https:\/\/yoast.com\/product\/yoast-seo-wordpress\/ -->\n<title>Comercial - Imobili\u00e1rio (m\/f) - *Vilamoura<\/title>\n<meta name=\"robots\" content=\"index, follow, max-snippet:-1, max-image-preview:large, max-video-preview:-1\" \/>\n<link rel=\"canonical\" href=\"https:\/\/www.vilamouraworld.com\/pt-pt\/blog\/comercial-imobiliario-m-f\/\" \/>\n<meta property=\"og:locale\" content=\"pt_PT\" \/>\n<meta property=\"og:type\" content=\"article\" \/>\n<meta property=\"og:title\" content=\"Comercial - Imobili\u00e1rio (m\/f) - *Vilamoura\" \/>\n<meta property=\"og:description\" content=\"Descri\u00e7\u00e3o do emprego &#8211; Acompanhar e dar continuidade \u00e0 carteira de clientes do grupo&#8211; Detetar as necessidades do cliente e sugerir as melhores op\u00e7\u00f5es&#8211; Aplicar t\u00e9cnicas de venda, orientando o cliente para solu\u00e7\u00f5es adequadas ao seuperfil de investimento de modo a conseguir obter fechos de vendas&#8211; Assegurar o funcionamento dos stands de vendas dos respetivos [&hellip;]\" \/>\n<meta property=\"og:url\" content=\"https:\/\/www.vilamouraworld.com\/pt-pt\/blog\/comercial-imobiliario-m-f\/\" \/>\n<meta property=\"og:site_name\" content=\"*Vilamoura\" \/>\n<meta property=\"article:published_time\" content=\"2023-09-14T15:30:10+00:00\" \/>\n<meta property=\"article:modified_time\" content=\"2024-08-29T11:29:57+00:00\" \/>\n<meta property=\"og:image\" content=\"https:\/\/www.vilamouraworld.com\/wp-content\/uploads\/2023\/09\/comercial-website-scaled.jpeg\" \/>\n\t<meta property=\"og:image:width\" content=\"2560\" \/>\n\t<meta property=\"og:image:height\" content=\"1707\" \/>\n\t<meta property=\"og:image:type\" content=\"image\/jpeg\" \/>\n<meta name=\"author\" content=\"from\" \/>\n<meta name=\"twitter:card\" content=\"summary_large_image\" \/>\n<meta name=\"twitter:label1\" content=\"Escrito por\" \/>\n\t<meta name=\"twitter:data1\" content=\"from\" \/>\n\t<meta name=\"twitter:label2\" content=\"Tempo estimado de leitura\" \/>\n\t<meta name=\"twitter:data2\" content=\"1 minuto\" \/>\n<script type=\"application\/ld+json\" class=\"yoast-schema-graph\">{\"@context\":\"https:\/\/schema.org\",\"@graph\":[{\"@type\":\"Article\",\"@id\":\"https:\/\/www.vilamouraworld.com\/pt-pt\/blog\/comercial-imobiliario-m-f\/#article\",\"isPartOf\":{\"@id\":\"https:\/\/www.vilamouraworld.com\/pt-pt\/blog\/comercial-imobiliario-m-f\/\"},\"author\":{\"name\":\"from\",\"@id\":\"https:\/\/www.vilamouraworld.com\/#\/schema\/person\/60a2390d957ec7a8ee5b32682bad0a9b\"},\"headline\":\"Comercial &#8211; Imobili\u00e1rio (m\/f)\",\"datePublished\":\"2023-09-14T15:30:10+00:00\",\"dateModified\":\"2024-08-29T11:29:57+00:00\",\"mainEntityOfPage\":{\"@id\":\"https:\/\/www.vilamouraworld.com\/pt-pt\/blog\/comercial-imobiliario-m-f\/\"},\"wordCount\":148,\"commentCount\":0,\"publisher\":{\"@id\":\"https:\/\/www.vilamouraworld.com\/#organization\"},\"image\":{\"@id\":\"https:\/\/www.vilamouraworld.com\/pt-pt\/blog\/comercial-imobiliario-m-f\/#primaryimage\"},\"thumbnailUrl\":\"https:\/\/www.vilamouraworld.com\/wp-content\/uploads\/2023\/09\/comercial-website-scaled.jpeg\",\"articleSection\":[\"Trabalhar em*\"],\"inLanguage\":\"pt-PT\",\"potentialAction\":[{\"@type\":\"CommentAction\",\"name\":\"Comment\",\"target\":[\"https:\/\/www.vilamouraworld.com\/pt-pt\/blog\/comercial-imobiliario-m-f\/#respond\"]}]},{\"@type\":\"WebPage\",\"@id\":\"https:\/\/www.vilamouraworld.com\/pt-pt\/blog\/comercial-imobiliario-m-f\/\",\"url\":\"https:\/\/www.vilamouraworld.com\/pt-pt\/blog\/comercial-imobiliario-m-f\/\",\"name\":\"Comercial - Imobili\u00e1rio (m\/f) - *Vilamoura\",\"isPartOf\":{\"@id\":\"https:\/\/www.vilamouraworld.com\/#website\"},\"primaryImageOfPage\":{\"@id\":\"https:\/\/www.vilamouraworld.com\/pt-pt\/blog\/comercial-imobiliario-m-f\/#primaryimage\"},\"image\":{\"@id\":\"https:\/\/www.vilamouraworld.com\/pt-pt\/blog\/comercial-imobiliario-m-f\/#primaryimage\"},\"thumbnailUrl\":\"https:\/\/www.vilamouraworld.com\/wp-content\/uploads\/2023\/09\/comercial-website-scaled.jpeg\",\"datePublished\":\"2023-09-14T15:30:10+00:00\",\"dateModified\":\"2024-08-29T11:29:57+00:00\",\"breadcrumb\":{\"@id\":\"https:\/\/www.vilamouraworld.com\/pt-pt\/blog\/comercial-imobiliario-m-f\/#breadcrumb\"},\"inLanguage\":\"pt-PT\",\"potentialAction\":[{\"@type\":\"ReadAction\",\"target\":[\"https:\/\/www.vilamouraworld.com\/pt-pt\/blog\/comercial-imobiliario-m-f\/\"]}]},{\"@type\":\"ImageObject\",\"inLanguage\":\"pt-PT\",\"@id\":\"https:\/\/www.vilamouraworld.com\/pt-pt\/blog\/comercial-imobiliario-m-f\/#primaryimage\",\"url\":\"https:\/\/www.vilamouraworld.com\/wp-content\/uploads\/2023\/09\/comercial-website-scaled.jpeg\",\"contentUrl\":\"https:\/\/www.vilamouraworld.com\/wp-content\/uploads\/2023\/09\/comercial-website-scaled.jpeg\",\"width\":2560,\"height\":1707},{\"@type\":\"BreadcrumbList\",\"@id\":\"https:\/\/www.vilamouraworld.com\/pt-pt\/blog\/comercial-imobiliario-m-f\/#breadcrumb\",\"itemListElement\":[{\"@type\":\"ListItem\",\"position\":1,\"name\":\"Home\",\"item\":\"https:\/\/www.vilamouraworld.com\/\"},{\"@type\":\"ListItem\",\"position\":2,\"name\":\"Comercial &#8211; Imobili\u00e1rio (m\/f)\"}]},{\"@type\":\"WebSite\",\"@id\":\"https:\/\/www.vilamouraworld.com\/#website\",\"url\":\"https:\/\/www.vilamouraworld.com\/\",\"name\":\"*Vilamoura\",\"description\":\"Becoming Extraordinary\",\"publisher\":{\"@id\":\"https:\/\/www.vilamouraworld.com\/#organization\"},\"potentialAction\":[{\"@type\":\"SearchAction\",\"target\":{\"@type\":\"EntryPoint\",\"urlTemplate\":\"https:\/\/www.vilamouraworld.com\/?s={search_term_string}\"},\"query-input\":{\"@type\":\"PropertyValueSpecification\",\"valueRequired\":true,\"valueName\":\"search_term_string\"}}],\"inLanguage\":\"pt-PT\"},{\"@type\":\"Organization\",\"@id\":\"https:\/\/www.vilamouraworld.com\/#organization\",\"name\":\"*Vilamoura\",\"url\":\"https:\/\/www.vilamouraworld.com\/\",\"logo\":{\"@type\":\"ImageObject\",\"inLanguage\":\"pt-PT\",\"@id\":\"https:\/\/www.vilamouraworld.com\/#\/schema\/logo\/image\/\",\"url\":\"https:\/\/www.vilamouraworld.com\/wp-content\/uploads\/2023\/07\/Vilamoura_Logo_White.svg\",\"contentUrl\":\"https:\/\/www.vilamouraworld.com\/wp-content\/uploads\/2023\/07\/Vilamoura_Logo_White.svg\",\"width\":6199,\"height\":960,\"caption\":\"*Vilamoura\"},\"image\":{\"@id\":\"https:\/\/www.vilamouraworld.com\/#\/schema\/logo\/image\/\"}},{\"@type\":\"Person\",\"@id\":\"https:\/\/www.vilamouraworld.com\/#\/schema\/person\/60a2390d957ec7a8ee5b32682bad0a9b\",\"name\":\"from\",\"url\":\"https:\/\/www.vilamouraworld.com\/pt-pt\/blog\/author\/from\/\"}]}<\/script>\n<!-- \/ Yoast SEO plugin. -->","yoast_head_json":{"title":"Comercial - Imobili\u00e1rio (m\/f) - *Vilamoura","robots":{"index":"index","follow":"follow","max-snippet":"max-snippet:-1","max-image-preview":"max-image-preview:large","max-video-preview":"max-video-preview:-1"},"canonical":"https:\/\/www.vilamouraworld.com\/pt-pt\/blog\/comercial-imobiliario-m-f\/","og_locale":"pt_PT","og_type":"article","og_title":"Comercial - Imobili\u00e1rio (m\/f) - *Vilamoura","og_description":"Descri\u00e7\u00e3o do emprego &#8211; Acompanhar e dar continuidade \u00e0 carteira de clientes do grupo&#8211; Detetar as necessidades do cliente e sugerir as melhores op\u00e7\u00f5es&#8211; Aplicar t\u00e9cnicas de venda, orientando o cliente para solu\u00e7\u00f5es adequadas ao seuperfil de investimento de modo a conseguir obter fechos de vendas&#8211; Assegurar o funcionamento dos stands de vendas dos respetivos [&hellip;]","og_url":"https:\/\/www.vilamouraworld.com\/pt-pt\/blog\/comercial-imobiliario-m-f\/","og_site_name":"*Vilamoura","article_published_time":"2023-09-14T15:30:10+00:00","article_modified_time":"2024-08-29T11:29:57+00:00","og_image":[{"width":2560,"height":1707,"url":"https:\/\/www.vilamouraworld.com\/wp-content\/uploads\/2023\/09\/comercial-website-scaled.jpeg","type":"image\/jpeg"}],"author":"from","twitter_card":"summary_large_image","twitter_misc":{"Escrito por":"from","Tempo estimado de leitura":"1 minuto"},"schema":{"@context":"https:\/\/schema.org","@graph":[{"@type":"Article","@id":"https:\/\/www.vilamouraworld.com\/pt-pt\/blog\/comercial-imobiliario-m-f\/#article","isPartOf":{"@id":"https:\/\/www.vilamouraworld.com\/pt-pt\/blog\/comercial-imobiliario-m-f\/"},"author":{"name":"from","@id":"https:\/\/www.vilamouraworld.com\/#\/schema\/person\/60a2390d957ec7a8ee5b32682bad0a9b"},"headline":"Comercial &#8211; Imobili\u00e1rio (m\/f)","datePublished":"2023-09-14T15:30:10+00:00","dateModified":"2024-08-29T11:29:57+00:00","mainEntityOfPage":{"@id":"https:\/\/www.vilamouraworld.com\/pt-pt\/blog\/comercial-imobiliario-m-f\/"},"wordCount":148,"commentCount":0,"publisher":{"@id":"https:\/\/www.vilamouraworld.com\/#organization"},"image":{"@id":"https:\/\/www.vilamouraworld.com\/pt-pt\/blog\/comercial-imobiliario-m-f\/#primaryimage"},"thumbnailUrl":"https:\/\/www.vilamouraworld.com\/wp-content\/uploads\/2023\/09\/comercial-website-scaled.jpeg","articleSection":["Trabalhar em*"],"inLanguage":"pt-PT","potentialAction":[{"@type":"CommentAction","name":"Comment","target":["https:\/\/www.vilamouraworld.com\/pt-pt\/blog\/comercial-imobiliario-m-f\/#respond"]}]},{"@type":"WebPage","@id":"https:\/\/www.vilamouraworld.com\/pt-pt\/blog\/comercial-imobiliario-m-f\/","url":"https:\/\/www.vilamouraworld.com\/pt-pt\/blog\/comercial-imobiliario-m-f\/","name":"Comercial - Imobili\u00e1rio (m\/f) - *Vilamoura","isPartOf":{"@id":"https:\/\/www.vilamouraworld.com\/#website"},"primaryImageOfPage":{"@id":"https:\/\/www.vilamouraworld.com\/pt-pt\/blog\/comercial-imobiliario-m-f\/#primaryimage"},"image":{"@id":"https:\/\/www.vilamouraworld.com\/pt-pt\/blog\/comercial-imobiliario-m-f\/#primaryimage"},"thumbnailUrl":"https:\/\/www.vilamouraworld.com\/wp-content\/uploads\/2023\/09\/comercial-website-scaled.jpeg","datePublished":"2023-09-14T15:30:10+00:00","dateModified":"2024-08-29T11:29:57+00:00","breadcrumb":{"@id":"https:\/\/www.vilamouraworld.com\/pt-pt\/blog\/comercial-imobiliario-m-f\/#breadcrumb"},"inLanguage":"pt-PT","potentialAction":[{"@type":"ReadAction","target":["https:\/\/www.vilamouraworld.com\/pt-pt\/blog\/comercial-imobiliario-m-f\/"]}]},{"@type":"ImageObject","inLanguage":"pt-PT","@id":"https:\/\/www.vilamouraworld.com\/pt-pt\/blog\/comercial-imobiliario-m-f\/#primaryimage","url":"https:\/\/www.vilamouraworld.com\/wp-content\/uploads\/2023\/09\/comercial-website-scaled.jpeg","contentUrl":"https:\/\/www.vilamouraworld.com\/wp-content\/uploads\/2023\/09\/comercial-website-scaled.jpeg","width":2560,"height":1707},{"@type":"BreadcrumbList","@id":"https:\/\/www.vilamouraworld.com\/pt-pt\/blog\/comercial-imobiliario-m-f\/#breadcrumb","itemListElement":[{"@type":"ListItem","position":1,"name":"Home","item":"https:\/\/www.vilamouraworld.com\/"},{"@type":"ListItem","position":2,"name":"Comercial &#8211; Imobili\u00e1rio (m\/f)"}]},{"@type":"WebSite","@id":"https:\/\/www.vilamouraworld.com\/#website","url":"https:\/\/www.vilamouraworld.com\/","name":"*Vilamoura","description":"Becoming Extraordinary","publisher":{"@id":"https:\/\/www.vilamouraworld.com\/#organization"},"potentialAction":[{"@type":"SearchAction","target":{"@type":"EntryPoint","urlTemplate":"https:\/\/www.vilamouraworld.com\/?s={search_term_string}"},"query-input":{"@type":"PropertyValueSpecification","valueRequired":true,"valueName":"search_term_string"}}],"inLanguage":"pt-PT"},{"@type":"Organization","@id":"https:\/\/www.vilamouraworld.com\/#organization","name":"*Vilamoura","url":"https:\/\/www.vilamouraworld.com\/","logo":{"@type":"ImageObject","inLanguage":"pt-PT","@id":"https:\/\/www.vilamouraworld.com\/#\/schema\/logo\/image\/","url":"https:\/\/www.vilamouraworld.com\/wp-content\/uploads\/2023\/07\/Vilamoura_Logo_White.svg","contentUrl":"https:\/\/www.vilamouraworld.com\/wp-content\/uploads\/2023\/07\/Vilamoura_Logo_White.svg","width":6199,"height":960,"caption":"*Vilamoura"},"image":{"@id":"https:\/\/www.vilamouraworld.com\/#\/schema\/logo\/image\/"}},{"@type":"Person","@id":"https:\/\/www.vilamouraworld.com\/#\/schema\/person\/60a2390d957ec7a8ee5b32682bad0a9b","name":"from","url":"https:\/\/www.vilamouraworld.com\/pt-pt\/blog\/author\/from\/"}]}},"_links":{"self":[{"href":"https:\/\/www.vilamouraworld.com\/pt-pt\/wp-json\/wp\/v2\/posts\/5160","targetHints":{"allow":["GET"]}}],"collection":[{"href":"https:\/\/www.vilamouraworld.com\/pt-pt\/wp-json\/wp\/v2\/posts"}],"about":[{"href":"https:\/\/www.vilamouraworld.com\/pt-pt\/wp-json\/wp\/v2\/types\/post"}],"author":[{"embeddable":true,"href":"https:\/\/www.vilamouraworld.com\/pt-pt\/wp-json\/wp\/v2\/users\/24"}],"replies":[{"embeddable":true,"href":"https:\/\/www.vilamouraworld.com\/pt-pt\/wp-json\/wp\/v2\/comments?post=5160"}],"version-history":[{"count":3,"href":"https:\/\/www.vilamouraworld.com\/pt-pt\/wp-json\/wp\/v2\/posts\/5160\/revisions"}],"predecessor-version":[{"id":10872,"href":"https:\/\/www.vilamouraworld.com\/pt-pt\/wp-json\/wp\/v2\/posts\/5160\/revisions\/10872"}],"wp:featuredmedia":[{"embeddable":true,"href":"https:\/\/www.vilamouraworld.com\/pt-pt\/wp-json\/wp\/v2\/media\/10869"}],"wp:attachment":[{"href":"https:\/\/www.vilamouraworld.com\/pt-pt\/wp-json\/wp\/v2\/media?parent=5160"}],"wp:term":[{"taxonomy":"category","embeddable":true,"href":"https:\/\/www.vilamouraworld.com\/pt-pt\/wp-json\/wp\/v2\/categories?post=5160"},{"taxonomy":"post_tag","embeddable":true,"href":"https:\/\/www.vilamouraworld.com\/pt-pt\/wp-json\/wp\/v2\/tags?post=5160"}],"curies":[{"name":"wp","href":"https:\/\/api.w.org\/{rel}","templated":true}]}}