{"id":15025,"date":"2025-06-27T11:06:27","date_gmt":"2025-06-27T10:06:27","guid":{"rendered":"https:\/\/www.vilamouraworld.com\/blog\/chefs-fogo-e-musica-por-dentro-do-fim-de-semana-mais-saboroso-de-vilamoura\/"},"modified":"2025-06-27T11:06:27","modified_gmt":"2025-06-27T10:06:27","slug":"chefs-fogo-e-musica-por-dentro-do-fim-de-semana-mais-saboroso-de-vilamoura","status":"publish","type":"post","link":"https:\/\/www.vilamouraworld.com\/pt-pt\/blog\/chefs-fogo-e-musica-por-dentro-do-fim-de-semana-mais-saboroso-de-vilamoura\/","title":{"rendered":"Chefs, Fogo e M\u00fasica: Por Dentro do Fim de Semana Mais Saboroso de Vilamoura"},"content":{"rendered":"<p>Este m\u00eas de junho, Vilamoura foi palco do inesquec\u00edvel pop-up Chefs on Fire, onde fogo, sabor e m\u00fasica se uniram numa celebra\u00e7\u00e3o de tr\u00eas dias dedicada \u00e0 cozinha lenta e a atua\u00e7\u00f5es cheias de alma.<\/p>\n<p>O festival abriu com um espet\u00e1culo impressionante de cozinha ao fogo protagonizado pelos chefs de topo Jos\u00e9 Lopes, Marin Colom\u00e8s, Paulo Carvalho e M\u00e1rcio Baltazar, tudo isto com o p\u00f4r do sol algarvio como pano de fundo. Os convidados desfrutaram de um menu de degusta\u00e7\u00e3o com quatro pratos \u2014 carne, peixe, vegetariano e sobremesa.  <\/p>\n<p>\u00c0 medida que as chamas dan\u00e7avam, os Capit\u00e3o Fausto subiram ao palco com um concerto eletrizante que definiu o tom para o fim de semana. No segundo dia, o ritmo acelerou com os chefs No\u00e9lia Jer\u00f3nimo, Pedro Pinto, Jo\u00e3o Narigueta e Diogo Lopes, que assumiram os fornos e criaram pratos inventivos que desafiaram os limites do sabor. A banda Best Youth animou ainda mais o ambiente com uma atua\u00e7\u00e3o contagiante que fez vibrar o p\u00fablico, entre amantes da gastronomia, locais e visitantes. <\/p>\n<p>O \u00faltimo dia do evento foi marcado por pratos deslumbrantes de Louis Anjos, Jo\u00e3o Oliveira, L\u00edvia Orofino e Rita Santos. O concerto intimista de Gisela Jo\u00e3o encerrou o fim de semana com emo\u00e7\u00e3o e intensidade. <\/p>\n<p>Ao longo de tr\u00eas noites, o Chefs on Fire reuniu milhares de pessoas em torno do fogo, da boa m\u00fasica e de uma comunidade vibrante. Na sua edi\u00e7\u00e3o em Vilamoura, o evento provou o poder da combina\u00e7\u00e3o simples entre comida, fogo e partilha. <\/p>\n","protected":false},"excerpt":{"rendered":"<p>Este m\u00eas de junho, Vilamoura foi palco do inesquec\u00edvel pop-up Chefs on Fire, onde fogo, sabor e m\u00fasica se uniram numa celebra\u00e7\u00e3o de tr\u00eas dias dedicada \u00e0 cozinha lenta e a atua\u00e7\u00f5es cheias de alma. O festival abriu com um espet\u00e1culo impressionante de cozinha ao fogo protagonizado pelos chefs de topo Jos\u00e9 Lopes, Marin Colom\u00e8s, [&hellip;]<\/p>\n","protected":false},"author":24,"featured_media":15023,"comment_status":"closed","ping_status":"open","sticky":false,"template":"","format":"standard","meta":{"footnotes":""},"categories":[96],"tags":[],"class_list":["post-15025","post","type-post","status-publish","format-standard","has-post-thumbnail","hentry","category-acontece-em"],"yoast_head":"<!-- This site is optimized with the Yoast SEO plugin v27.1.1 - https:\/\/yoast.com\/product\/yoast-seo-wordpress\/ -->\n<title>Chefs, Fogo e M\u00fasica: Por Dentro do Fim de Semana Mais Saboroso de Vilamoura - *Vilamoura<\/title>\n<meta name=\"description\" content=\"Vilamoura aqueceu os sentidos com um fim de semana de chefs de topo, cozinha ao vivo com fogo e m\u00fasica vibrante.\" \/>\n<meta name=\"robots\" content=\"index, follow, max-snippet:-1, max-image-preview:large, max-video-preview:-1\" \/>\n<link rel=\"canonical\" href=\"https:\/\/www.vilamouraworld.com\/pt-pt\/blog\/chefs-fogo-e-musica-por-dentro-do-fim-de-semana-mais-saboroso-de-vilamoura\/\" \/>\n<meta property=\"og:locale\" content=\"pt_PT\" \/>\n<meta property=\"og:type\" content=\"article\" \/>\n<meta property=\"og:title\" content=\"Chefs, Fogo e M\u00fasica: Por Dentro do Fim de Semana Mais Saboroso de Vilamoura - *Vilamoura\" \/>\n<meta property=\"og:description\" content=\"Vilamoura aqueceu os sentidos com um fim de semana de chefs de topo, cozinha ao vivo com fogo e m\u00fasica vibrante.\" \/>\n<meta property=\"og:url\" content=\"https:\/\/www.vilamouraworld.com\/pt-pt\/blog\/chefs-fogo-e-musica-por-dentro-do-fim-de-semana-mais-saboroso-de-vilamoura\/\" \/>\n<meta property=\"og:site_name\" content=\"*Vilamoura\" \/>\n<meta property=\"article:published_time\" content=\"2025-06-27T10:06:27+00:00\" \/>\n<meta property=\"og:image\" content=\"https:\/\/www.vilamouraworld.com\/wp-content\/uploads\/2025\/06\/IMG_2145.jpg\" \/>\n\t<meta property=\"og:image:width\" content=\"2048\" \/>\n\t<meta property=\"og:image:height\" content=\"1365\" \/>\n\t<meta property=\"og:image:type\" content=\"image\/jpeg\" \/>\n<meta name=\"author\" content=\"from\" \/>\n<meta name=\"twitter:card\" content=\"summary_large_image\" \/>\n<meta name=\"twitter:label1\" content=\"Escrito por\" \/>\n\t<meta name=\"twitter:data1\" content=\"from\" \/>\n\t<meta name=\"twitter:label2\" content=\"Tempo estimado de leitura\" \/>\n\t<meta name=\"twitter:data2\" content=\"1 minuto\" \/>\n<script type=\"application\/ld+json\" class=\"yoast-schema-graph\">{\"@context\":\"https:\/\/schema.org\",\"@graph\":[{\"@type\":\"Article\",\"@id\":\"https:\/\/www.vilamouraworld.com\/pt-pt\/blog\/chefs-fogo-e-musica-por-dentro-do-fim-de-semana-mais-saboroso-de-vilamoura\/#article\",\"isPartOf\":{\"@id\":\"https:\/\/www.vilamouraworld.com\/pt-pt\/blog\/chefs-fogo-e-musica-por-dentro-do-fim-de-semana-mais-saboroso-de-vilamoura\/\"},\"author\":{\"name\":\"from\",\"@id\":\"https:\/\/www.vilamouraworld.com\/#\/schema\/person\/60a2390d957ec7a8ee5b32682bad0a9b\"},\"headline\":\"Chefs, Fogo e M\u00fasica: Por Dentro do Fim de Semana Mais Saboroso de Vilamoura\",\"datePublished\":\"2025-06-27T10:06:27+00:00\",\"mainEntityOfPage\":{\"@id\":\"https:\/\/www.vilamouraworld.com\/pt-pt\/blog\/chefs-fogo-e-musica-por-dentro-do-fim-de-semana-mais-saboroso-de-vilamoura\/\"},\"wordCount\":287,\"publisher\":{\"@id\":\"https:\/\/www.vilamouraworld.com\/#organization\"},\"image\":{\"@id\":\"https:\/\/www.vilamouraworld.com\/pt-pt\/blog\/chefs-fogo-e-musica-por-dentro-do-fim-de-semana-mais-saboroso-de-vilamoura\/#primaryimage\"},\"thumbnailUrl\":\"https:\/\/www.vilamouraworld.com\/wp-content\/uploads\/2025\/06\/IMG_2145.jpg\",\"articleSection\":[\"Acontece em*\"],\"inLanguage\":\"pt-PT\"},{\"@type\":\"WebPage\",\"@id\":\"https:\/\/www.vilamouraworld.com\/pt-pt\/blog\/chefs-fogo-e-musica-por-dentro-do-fim-de-semana-mais-saboroso-de-vilamoura\/\",\"url\":\"https:\/\/www.vilamouraworld.com\/pt-pt\/blog\/chefs-fogo-e-musica-por-dentro-do-fim-de-semana-mais-saboroso-de-vilamoura\/\",\"name\":\"Chefs, Fogo e M\u00fasica: Por Dentro do Fim de Semana Mais Saboroso de Vilamoura - *Vilamoura\",\"isPartOf\":{\"@id\":\"https:\/\/www.vilamouraworld.com\/#website\"},\"primaryImageOfPage\":{\"@id\":\"https:\/\/www.vilamouraworld.com\/pt-pt\/blog\/chefs-fogo-e-musica-por-dentro-do-fim-de-semana-mais-saboroso-de-vilamoura\/#primaryimage\"},\"image\":{\"@id\":\"https:\/\/www.vilamouraworld.com\/pt-pt\/blog\/chefs-fogo-e-musica-por-dentro-do-fim-de-semana-mais-saboroso-de-vilamoura\/#primaryimage\"},\"thumbnailUrl\":\"https:\/\/www.vilamouraworld.com\/wp-content\/uploads\/2025\/06\/IMG_2145.jpg\",\"datePublished\":\"2025-06-27T10:06:27+00:00\",\"description\":\"Vilamoura aqueceu os sentidos com um fim de semana de chefs de topo, cozinha ao vivo com fogo e m\u00fasica vibrante.\",\"breadcrumb\":{\"@id\":\"https:\/\/www.vilamouraworld.com\/pt-pt\/blog\/chefs-fogo-e-musica-por-dentro-do-fim-de-semana-mais-saboroso-de-vilamoura\/#breadcrumb\"},\"inLanguage\":\"pt-PT\",\"potentialAction\":[{\"@type\":\"ReadAction\",\"target\":[\"https:\/\/www.vilamouraworld.com\/pt-pt\/blog\/chefs-fogo-e-musica-por-dentro-do-fim-de-semana-mais-saboroso-de-vilamoura\/\"]}]},{\"@type\":\"ImageObject\",\"inLanguage\":\"pt-PT\",\"@id\":\"https:\/\/www.vilamouraworld.com\/pt-pt\/blog\/chefs-fogo-e-musica-por-dentro-do-fim-de-semana-mais-saboroso-de-vilamoura\/#primaryimage\",\"url\":\"https:\/\/www.vilamouraworld.com\/wp-content\/uploads\/2025\/06\/IMG_2145.jpg\",\"contentUrl\":\"https:\/\/www.vilamouraworld.com\/wp-content\/uploads\/2025\/06\/IMG_2145.jpg\",\"width\":2048,\"height\":1365},{\"@type\":\"BreadcrumbList\",\"@id\":\"https:\/\/www.vilamouraworld.com\/pt-pt\/blog\/chefs-fogo-e-musica-por-dentro-do-fim-de-semana-mais-saboroso-de-vilamoura\/#breadcrumb\",\"itemListElement\":[{\"@type\":\"ListItem\",\"position\":1,\"name\":\"Home\",\"item\":\"https:\/\/www.vilamouraworld.com\/\"},{\"@type\":\"ListItem\",\"position\":2,\"name\":\"Chefs, Fogo e M\u00fasica: Por Dentro do Fim de Semana Mais Saboroso de Vilamoura\"}]},{\"@type\":\"WebSite\",\"@id\":\"https:\/\/www.vilamouraworld.com\/#website\",\"url\":\"https:\/\/www.vilamouraworld.com\/\",\"name\":\"*Vilamoura\",\"description\":\"Becoming Extraordinary\",\"publisher\":{\"@id\":\"https:\/\/www.vilamouraworld.com\/#organization\"},\"potentialAction\":[{\"@type\":\"SearchAction\",\"target\":{\"@type\":\"EntryPoint\",\"urlTemplate\":\"https:\/\/www.vilamouraworld.com\/?s={search_term_string}\"},\"query-input\":{\"@type\":\"PropertyValueSpecification\",\"valueRequired\":true,\"valueName\":\"search_term_string\"}}],\"inLanguage\":\"pt-PT\"},{\"@type\":\"Organization\",\"@id\":\"https:\/\/www.vilamouraworld.com\/#organization\",\"name\":\"*Vilamoura\",\"url\":\"https:\/\/www.vilamouraworld.com\/\",\"logo\":{\"@type\":\"ImageObject\",\"inLanguage\":\"pt-PT\",\"@id\":\"https:\/\/www.vilamouraworld.com\/#\/schema\/logo\/image\/\",\"url\":\"https:\/\/www.vilamouraworld.com\/wp-content\/uploads\/2023\/07\/Vilamoura_Logo_White.svg\",\"contentUrl\":\"https:\/\/www.vilamouraworld.com\/wp-content\/uploads\/2023\/07\/Vilamoura_Logo_White.svg\",\"width\":6199,\"height\":960,\"caption\":\"*Vilamoura\"},\"image\":{\"@id\":\"https:\/\/www.vilamouraworld.com\/#\/schema\/logo\/image\/\"}},{\"@type\":\"Person\",\"@id\":\"https:\/\/www.vilamouraworld.com\/#\/schema\/person\/60a2390d957ec7a8ee5b32682bad0a9b\",\"name\":\"from\",\"url\":\"https:\/\/www.vilamouraworld.com\/pt-pt\/blog\/author\/from\/\"}]}<\/script>\n<!-- \/ Yoast SEO plugin. -->","yoast_head_json":{"title":"Chefs, Fogo e M\u00fasica: Por Dentro do Fim de Semana Mais Saboroso de Vilamoura - *Vilamoura","description":"Vilamoura aqueceu os sentidos com um fim de semana de chefs de topo, cozinha ao vivo com fogo e m\u00fasica vibrante.","robots":{"index":"index","follow":"follow","max-snippet":"max-snippet:-1","max-image-preview":"max-image-preview:large","max-video-preview":"max-video-preview:-1"},"canonical":"https:\/\/www.vilamouraworld.com\/pt-pt\/blog\/chefs-fogo-e-musica-por-dentro-do-fim-de-semana-mais-saboroso-de-vilamoura\/","og_locale":"pt_PT","og_type":"article","og_title":"Chefs, Fogo e M\u00fasica: Por Dentro do Fim de Semana Mais Saboroso de Vilamoura - *Vilamoura","og_description":"Vilamoura aqueceu os sentidos com um fim de semana de chefs de topo, cozinha ao vivo com fogo e m\u00fasica vibrante.","og_url":"https:\/\/www.vilamouraworld.com\/pt-pt\/blog\/chefs-fogo-e-musica-por-dentro-do-fim-de-semana-mais-saboroso-de-vilamoura\/","og_site_name":"*Vilamoura","article_published_time":"2025-06-27T10:06:27+00:00","og_image":[{"width":2048,"height":1365,"url":"https:\/\/www.vilamouraworld.com\/wp-content\/uploads\/2025\/06\/IMG_2145.jpg","type":"image\/jpeg"}],"author":"from","twitter_card":"summary_large_image","twitter_misc":{"Escrito por":"from","Tempo estimado de leitura":"1 minuto"},"schema":{"@context":"https:\/\/schema.org","@graph":[{"@type":"Article","@id":"https:\/\/www.vilamouraworld.com\/pt-pt\/blog\/chefs-fogo-e-musica-por-dentro-do-fim-de-semana-mais-saboroso-de-vilamoura\/#article","isPartOf":{"@id":"https:\/\/www.vilamouraworld.com\/pt-pt\/blog\/chefs-fogo-e-musica-por-dentro-do-fim-de-semana-mais-saboroso-de-vilamoura\/"},"author":{"name":"from","@id":"https:\/\/www.vilamouraworld.com\/#\/schema\/person\/60a2390d957ec7a8ee5b32682bad0a9b"},"headline":"Chefs, Fogo e M\u00fasica: Por Dentro do Fim de Semana Mais Saboroso de Vilamoura","datePublished":"2025-06-27T10:06:27+00:00","mainEntityOfPage":{"@id":"https:\/\/www.vilamouraworld.com\/pt-pt\/blog\/chefs-fogo-e-musica-por-dentro-do-fim-de-semana-mais-saboroso-de-vilamoura\/"},"wordCount":287,"publisher":{"@id":"https:\/\/www.vilamouraworld.com\/#organization"},"image":{"@id":"https:\/\/www.vilamouraworld.com\/pt-pt\/blog\/chefs-fogo-e-musica-por-dentro-do-fim-de-semana-mais-saboroso-de-vilamoura\/#primaryimage"},"thumbnailUrl":"https:\/\/www.vilamouraworld.com\/wp-content\/uploads\/2025\/06\/IMG_2145.jpg","articleSection":["Acontece em*"],"inLanguage":"pt-PT"},{"@type":"WebPage","@id":"https:\/\/www.vilamouraworld.com\/pt-pt\/blog\/chefs-fogo-e-musica-por-dentro-do-fim-de-semana-mais-saboroso-de-vilamoura\/","url":"https:\/\/www.vilamouraworld.com\/pt-pt\/blog\/chefs-fogo-e-musica-por-dentro-do-fim-de-semana-mais-saboroso-de-vilamoura\/","name":"Chefs, Fogo e M\u00fasica: Por Dentro do Fim de Semana Mais Saboroso de Vilamoura - *Vilamoura","isPartOf":{"@id":"https:\/\/www.vilamouraworld.com\/#website"},"primaryImageOfPage":{"@id":"https:\/\/www.vilamouraworld.com\/pt-pt\/blog\/chefs-fogo-e-musica-por-dentro-do-fim-de-semana-mais-saboroso-de-vilamoura\/#primaryimage"},"image":{"@id":"https:\/\/www.vilamouraworld.com\/pt-pt\/blog\/chefs-fogo-e-musica-por-dentro-do-fim-de-semana-mais-saboroso-de-vilamoura\/#primaryimage"},"thumbnailUrl":"https:\/\/www.vilamouraworld.com\/wp-content\/uploads\/2025\/06\/IMG_2145.jpg","datePublished":"2025-06-27T10:06:27+00:00","description":"Vilamoura aqueceu os sentidos com um fim de semana de chefs de topo, cozinha ao vivo com fogo e m\u00fasica vibrante.","breadcrumb":{"@id":"https:\/\/www.vilamouraworld.com\/pt-pt\/blog\/chefs-fogo-e-musica-por-dentro-do-fim-de-semana-mais-saboroso-de-vilamoura\/#breadcrumb"},"inLanguage":"pt-PT","potentialAction":[{"@type":"ReadAction","target":["https:\/\/www.vilamouraworld.com\/pt-pt\/blog\/chefs-fogo-e-musica-por-dentro-do-fim-de-semana-mais-saboroso-de-vilamoura\/"]}]},{"@type":"ImageObject","inLanguage":"pt-PT","@id":"https:\/\/www.vilamouraworld.com\/pt-pt\/blog\/chefs-fogo-e-musica-por-dentro-do-fim-de-semana-mais-saboroso-de-vilamoura\/#primaryimage","url":"https:\/\/www.vilamouraworld.com\/wp-content\/uploads\/2025\/06\/IMG_2145.jpg","contentUrl":"https:\/\/www.vilamouraworld.com\/wp-content\/uploads\/2025\/06\/IMG_2145.jpg","width":2048,"height":1365},{"@type":"BreadcrumbList","@id":"https:\/\/www.vilamouraworld.com\/pt-pt\/blog\/chefs-fogo-e-musica-por-dentro-do-fim-de-semana-mais-saboroso-de-vilamoura\/#breadcrumb","itemListElement":[{"@type":"ListItem","position":1,"name":"Home","item":"https:\/\/www.vilamouraworld.com\/"},{"@type":"ListItem","position":2,"name":"Chefs, Fogo e M\u00fasica: Por Dentro do Fim de Semana Mais Saboroso de Vilamoura"}]},{"@type":"WebSite","@id":"https:\/\/www.vilamouraworld.com\/#website","url":"https:\/\/www.vilamouraworld.com\/","name":"*Vilamoura","description":"Becoming Extraordinary","publisher":{"@id":"https:\/\/www.vilamouraworld.com\/#organization"},"potentialAction":[{"@type":"SearchAction","target":{"@type":"EntryPoint","urlTemplate":"https:\/\/www.vilamouraworld.com\/?s={search_term_string}"},"query-input":{"@type":"PropertyValueSpecification","valueRequired":true,"valueName":"search_term_string"}}],"inLanguage":"pt-PT"},{"@type":"Organization","@id":"https:\/\/www.vilamouraworld.com\/#organization","name":"*Vilamoura","url":"https:\/\/www.vilamouraworld.com\/","logo":{"@type":"ImageObject","inLanguage":"pt-PT","@id":"https:\/\/www.vilamouraworld.com\/#\/schema\/logo\/image\/","url":"https:\/\/www.vilamouraworld.com\/wp-content\/uploads\/2023\/07\/Vilamoura_Logo_White.svg","contentUrl":"https:\/\/www.vilamouraworld.com\/wp-content\/uploads\/2023\/07\/Vilamoura_Logo_White.svg","width":6199,"height":960,"caption":"*Vilamoura"},"image":{"@id":"https:\/\/www.vilamouraworld.com\/#\/schema\/logo\/image\/"}},{"@type":"Person","@id":"https:\/\/www.vilamouraworld.com\/#\/schema\/person\/60a2390d957ec7a8ee5b32682bad0a9b","name":"from","url":"https:\/\/www.vilamouraworld.com\/pt-pt\/blog\/author\/from\/"}]}},"_links":{"self":[{"href":"https:\/\/www.vilamouraworld.com\/pt-pt\/wp-json\/wp\/v2\/posts\/15025","targetHints":{"allow":["GET"]}}],"collection":[{"href":"https:\/\/www.vilamouraworld.com\/pt-pt\/wp-json\/wp\/v2\/posts"}],"about":[{"href":"https:\/\/www.vilamouraworld.com\/pt-pt\/wp-json\/wp\/v2\/types\/post"}],"author":[{"embeddable":true,"href":"https:\/\/www.vilamouraworld.com\/pt-pt\/wp-json\/wp\/v2\/users\/24"}],"replies":[{"embeddable":true,"href":"https:\/\/www.vilamouraworld.com\/pt-pt\/wp-json\/wp\/v2\/comments?post=15025"}],"version-history":[{"count":0,"href":"https:\/\/www.vilamouraworld.com\/pt-pt\/wp-json\/wp\/v2\/posts\/15025\/revisions"}],"wp:featuredmedia":[{"embeddable":true,"href":"https:\/\/www.vilamouraworld.com\/pt-pt\/wp-json\/wp\/v2\/media\/15023"}],"wp:attachment":[{"href":"https:\/\/www.vilamouraworld.com\/pt-pt\/wp-json\/wp\/v2\/media?parent=15025"}],"wp:term":[{"taxonomy":"category","embeddable":true,"href":"https:\/\/www.vilamouraworld.com\/pt-pt\/wp-json\/wp\/v2\/categories?post=15025"},{"taxonomy":"post_tag","embeddable":true,"href":"https:\/\/www.vilamouraworld.com\/pt-pt\/wp-json\/wp\/v2\/tags?post=15025"}],"curies":[{"name":"wp","href":"https:\/\/api.w.org\/{rel}","templated":true}]}}