{"id":15007,"date":"2025-06-27T10:02:29","date_gmt":"2025-06-27T09:02:29","guid":{"rendered":"https:\/\/www.vilamouraworld.com\/blog\/o-melhor-do-verao-o-que-acontece-em-junho\/"},"modified":"2025-06-27T10:34:34","modified_gmt":"2025-06-27T09:34:34","slug":"o-melhor-do-verao-o-que-acontece-em-junho","status":"publish","type":"post","link":"https:\/\/www.vilamouraworld.com\/pt-pt\/blog\/o-melhor-do-verao-o-que-acontece-em-junho\/","title":{"rendered":"Ver\u00e3o em cheio"},"content":{"rendered":"<p>O ver\u00e3o em Vilamoura n\u00e3o \u00e9 apenas uma esta\u00e7\u00e3o, \u00e9 uma celebra\u00e7\u00e3o. Com dias longos e ensolarados, noites amenas e uma programa\u00e7\u00e3o repleta de eventos culturais, de bem-estar e desportivos, julho est\u00e1 cheio de oportunidades para aproveitar tudo o que o nosso destino tem para oferecer. <\/p>\n<p>Quer seja residente, um visitante habitual ou esteja a descobrir Vilamoura pela primeira vez, h\u00e1 sempre algo para desfrutar. Desde sess\u00f5es de yoga ao amanhecer at\u00e9 partidas amig\u00e1veis de golfe e festivais ao ar livre, o nosso resort vibra com energia e diversidade. <\/p>\n<p>&nbsp;<\/p>\n<h2>Bem-estar ao ar livre<\/h2>\n<p>Comece o fim de semana com um momento de tranquilidade. A s\u00e9rie Blue Sessions: Yoga regressa ao Museu Cerro da Vila nos s\u00e1bados 5 e 19 de julho, das 9:00 \u00e0s 10:00. Conduzidas por Elena Menci, fundadora da Haven Yoga Community e professora certificada com mais de 700 horas de forma\u00e7\u00e3o, estas sess\u00f5es ao ar livre convidam-no a conectar-se com a respira\u00e7\u00e3o, o corpo e a beleza envolvente. Realizadas num dos locais mais hist\u00f3ricos e atmosf\u00e9ricos de Vilamoura, estas aulas gratuitas foram pensadas para o deixar restaurado e equilibrado. Os lugares s\u00e3o limitados, por isso reserve atrav\u00e9s do e-mail events@vilamouraworld.com.    <\/p>\n<h2>\nTime to tee off<\/h2>\n<p>Os golfistas podem contar com a Competi\u00e7\u00e3o Mensal no Pinhal Golf Course no s\u00e1bado, 5 de julho, que acolher\u00e1 at\u00e9 60 jogadores para um dia de competi\u00e7\u00e3o amig\u00e1vel num cen\u00e1rio deslumbrante. Mais para o final do m\u00eas, a Competi\u00e7\u00e3o S\u00e9nior encerra o calend\u00e1rio com um torneio descontra\u00eddo, mas perfeito para quem quer manter-se em forma e socialmente ativo. <\/p>\n<h2>\nMais para vir<\/h2>\n<p>Este \u00e9 apenas o in\u00edcio do calend\u00e1rio de ver\u00e3o de Vilamoura. Com mais sess\u00f5es Blue, concertos, mercados e experi\u00eancias culturais, julho d\u00e1 o tom para uma temporada repleta de conex\u00e3o, descoberta e charme perto da praia.<br \/>\nFique a par de todos os eventos em vilamouraworld.com\/events e torne o seu ver\u00e3o em Vilamoura inesquec\u00edvel. <\/p>\n","protected":false},"excerpt":{"rendered":"<p>O ver\u00e3o em Vilamoura n\u00e3o \u00e9 apenas uma esta\u00e7\u00e3o, \u00e9 uma celebra\u00e7\u00e3o. Com dias longos e ensolarados, noites amenas e uma programa\u00e7\u00e3o repleta de eventos culturais, de bem-estar e desportivos, julho est\u00e1 cheio de oportunidades para aproveitar tudo o que o nosso destino tem para oferecer. Quer seja residente, um visitante habitual ou esteja a [&hellip;]<\/p>\n","protected":false},"author":24,"featured_media":15011,"comment_status":"closed","ping_status":"open","sticky":false,"template":"","format":"standard","meta":{"footnotes":""},"categories":[96,95],"tags":[417,187,357,418],"class_list":["post-15007","post","type-post","status-publish","format-standard","has-post-thumbnail","hentry","category-acontece-em","category-viver-em","tag-summer-pt-pt","tag-vilamoura-pt-pt","tag-vilamoura-destination-pt-pt","tag-wellness-pt-pt"],"yoast_head":"<!-- This site is optimized with the Yoast SEO plugin v27.1.1 - https:\/\/yoast.com\/product\/yoast-seo-wordpress\/ -->\n<title>Ver\u00e3o em cheio - *Vilamoura<\/title>\n<meta name=\"description\" content=\"Viva o ver\u00e3o em Vilamoura como nunca antes, yoga ao nascer do sol, torneios de golfe, eventos culturais e muito mais.\" \/>\n<meta name=\"robots\" content=\"index, follow, max-snippet:-1, max-image-preview:large, max-video-preview:-1\" \/>\n<link rel=\"canonical\" href=\"https:\/\/www.vilamouraworld.com\/pt-pt\/blog\/o-melhor-do-verao-o-que-acontece-em-junho\/\" \/>\n<meta property=\"og:locale\" content=\"pt_PT\" \/>\n<meta property=\"og:type\" content=\"article\" \/>\n<meta property=\"og:title\" content=\"Ver\u00e3o em cheio - *Vilamoura\" \/>\n<meta property=\"og:description\" content=\"Viva o ver\u00e3o em Vilamoura como nunca antes, yoga ao nascer do sol, torneios de golfe, eventos culturais e muito mais.\" \/>\n<meta property=\"og:url\" content=\"https:\/\/www.vilamouraworld.com\/pt-pt\/blog\/o-melhor-do-verao-o-que-acontece-em-junho\/\" \/>\n<meta property=\"og:site_name\" content=\"*Vilamoura\" \/>\n<meta property=\"article:published_time\" content=\"2025-06-27T09:02:29+00:00\" \/>\n<meta property=\"article:modified_time\" content=\"2025-06-27T09:34:34+00:00\" \/>\n<meta name=\"author\" content=\"from\" \/>\n<meta name=\"twitter:card\" content=\"summary_large_image\" \/>\n<meta name=\"twitter:label1\" content=\"Escrito por\" \/>\n\t<meta name=\"twitter:data1\" content=\"from\" \/>\n\t<meta name=\"twitter:label2\" content=\"Tempo estimado de leitura\" \/>\n\t<meta name=\"twitter:data2\" content=\"2 minutos\" \/>\n<script type=\"application\/ld+json\" class=\"yoast-schema-graph\">{\"@context\":\"https:\/\/schema.org\",\"@graph\":[{\"@type\":\"Article\",\"@id\":\"https:\/\/www.vilamouraworld.com\/pt-pt\/blog\/o-melhor-do-verao-o-que-acontece-em-junho\/#article\",\"isPartOf\":{\"@id\":\"https:\/\/www.vilamouraworld.com\/pt-pt\/blog\/o-melhor-do-verao-o-que-acontece-em-junho\/\"},\"author\":{\"name\":\"from\",\"@id\":\"https:\/\/www.vilamouraworld.com\/#\/schema\/person\/60a2390d957ec7a8ee5b32682bad0a9b\"},\"headline\":\"Ver\u00e3o em cheio\",\"datePublished\":\"2025-06-27T09:02:29+00:00\",\"dateModified\":\"2025-06-27T09:34:34+00:00\",\"mainEntityOfPage\":{\"@id\":\"https:\/\/www.vilamouraworld.com\/pt-pt\/blog\/o-melhor-do-verao-o-que-acontece-em-junho\/\"},\"wordCount\":344,\"publisher\":{\"@id\":\"https:\/\/www.vilamouraworld.com\/#organization\"},\"image\":{\"@id\":\"https:\/\/www.vilamouraworld.com\/pt-pt\/blog\/o-melhor-do-verao-o-que-acontece-em-junho\/#primaryimage\"},\"thumbnailUrl\":\"https:\/\/www.vilamouraworld.com\/wp-content\/uploads\/2025\/06\/IMG_2425.jpg\",\"keywords\":[\"Summer\",\"vilamoura\",\"vilamoura destination\",\"Wellness\"],\"articleSection\":[\"Acontece em*\",\"Viver em*\"],\"inLanguage\":\"pt-PT\"},{\"@type\":\"WebPage\",\"@id\":\"https:\/\/www.vilamouraworld.com\/pt-pt\/blog\/o-melhor-do-verao-o-que-acontece-em-junho\/\",\"url\":\"https:\/\/www.vilamouraworld.com\/pt-pt\/blog\/o-melhor-do-verao-o-que-acontece-em-junho\/\",\"name\":\"Ver\u00e3o em cheio - *Vilamoura\",\"isPartOf\":{\"@id\":\"https:\/\/www.vilamouraworld.com\/#website\"},\"primaryImageOfPage\":{\"@id\":\"https:\/\/www.vilamouraworld.com\/pt-pt\/blog\/o-melhor-do-verao-o-que-acontece-em-junho\/#primaryimage\"},\"image\":{\"@id\":\"https:\/\/www.vilamouraworld.com\/pt-pt\/blog\/o-melhor-do-verao-o-que-acontece-em-junho\/#primaryimage\"},\"thumbnailUrl\":\"https:\/\/www.vilamouraworld.com\/wp-content\/uploads\/2025\/06\/IMG_2425.jpg\",\"datePublished\":\"2025-06-27T09:02:29+00:00\",\"dateModified\":\"2025-06-27T09:34:34+00:00\",\"description\":\"Viva o ver\u00e3o em Vilamoura como nunca antes, yoga ao nascer do sol, torneios de golfe, eventos culturais e muito mais.\",\"breadcrumb\":{\"@id\":\"https:\/\/www.vilamouraworld.com\/pt-pt\/blog\/o-melhor-do-verao-o-que-acontece-em-junho\/#breadcrumb\"},\"inLanguage\":\"pt-PT\",\"potentialAction\":[{\"@type\":\"ReadAction\",\"target\":[\"https:\/\/www.vilamouraworld.com\/pt-pt\/blog\/o-melhor-do-verao-o-que-acontece-em-junho\/\"]}]},{\"@type\":\"ImageObject\",\"inLanguage\":\"pt-PT\",\"@id\":\"https:\/\/www.vilamouraworld.com\/pt-pt\/blog\/o-melhor-do-verao-o-que-acontece-em-junho\/#primaryimage\",\"url\":\"https:\/\/www.vilamouraworld.com\/wp-content\/uploads\/2025\/06\/IMG_2425.jpg\",\"contentUrl\":\"https:\/\/www.vilamouraworld.com\/wp-content\/uploads\/2025\/06\/IMG_2425.jpg\",\"width\":2048,\"height\":1365},{\"@type\":\"BreadcrumbList\",\"@id\":\"https:\/\/www.vilamouraworld.com\/pt-pt\/blog\/o-melhor-do-verao-o-que-acontece-em-junho\/#breadcrumb\",\"itemListElement\":[{\"@type\":\"ListItem\",\"position\":1,\"name\":\"Home\",\"item\":\"https:\/\/www.vilamouraworld.com\/\"},{\"@type\":\"ListItem\",\"position\":2,\"name\":\"Ver\u00e3o em cheio\"}]},{\"@type\":\"WebSite\",\"@id\":\"https:\/\/www.vilamouraworld.com\/#website\",\"url\":\"https:\/\/www.vilamouraworld.com\/\",\"name\":\"*Vilamoura\",\"description\":\"Becoming Extraordinary\",\"publisher\":{\"@id\":\"https:\/\/www.vilamouraworld.com\/#organization\"},\"potentialAction\":[{\"@type\":\"SearchAction\",\"target\":{\"@type\":\"EntryPoint\",\"urlTemplate\":\"https:\/\/www.vilamouraworld.com\/?s={search_term_string}\"},\"query-input\":{\"@type\":\"PropertyValueSpecification\",\"valueRequired\":true,\"valueName\":\"search_term_string\"}}],\"inLanguage\":\"pt-PT\"},{\"@type\":\"Organization\",\"@id\":\"https:\/\/www.vilamouraworld.com\/#organization\",\"name\":\"*Vilamoura\",\"url\":\"https:\/\/www.vilamouraworld.com\/\",\"logo\":{\"@type\":\"ImageObject\",\"inLanguage\":\"pt-PT\",\"@id\":\"https:\/\/www.vilamouraworld.com\/#\/schema\/logo\/image\/\",\"url\":\"https:\/\/www.vilamouraworld.com\/wp-content\/uploads\/2023\/07\/Vilamoura_Logo_White.svg\",\"contentUrl\":\"https:\/\/www.vilamouraworld.com\/wp-content\/uploads\/2023\/07\/Vilamoura_Logo_White.svg\",\"width\":6199,\"height\":960,\"caption\":\"*Vilamoura\"},\"image\":{\"@id\":\"https:\/\/www.vilamouraworld.com\/#\/schema\/logo\/image\/\"}},{\"@type\":\"Person\",\"@id\":\"https:\/\/www.vilamouraworld.com\/#\/schema\/person\/60a2390d957ec7a8ee5b32682bad0a9b\",\"name\":\"from\",\"url\":\"https:\/\/www.vilamouraworld.com\/pt-pt\/blog\/author\/from\/\"}]}<\/script>\n<!-- \/ Yoast SEO plugin. -->","yoast_head_json":{"title":"Ver\u00e3o em cheio - *Vilamoura","description":"Viva o ver\u00e3o em Vilamoura como nunca antes, yoga ao nascer do sol, torneios de golfe, eventos culturais e muito mais.","robots":{"index":"index","follow":"follow","max-snippet":"max-snippet:-1","max-image-preview":"max-image-preview:large","max-video-preview":"max-video-preview:-1"},"canonical":"https:\/\/www.vilamouraworld.com\/pt-pt\/blog\/o-melhor-do-verao-o-que-acontece-em-junho\/","og_locale":"pt_PT","og_type":"article","og_title":"Ver\u00e3o em cheio - *Vilamoura","og_description":"Viva o ver\u00e3o em Vilamoura como nunca antes, yoga ao nascer do sol, torneios de golfe, eventos culturais e muito mais.","og_url":"https:\/\/www.vilamouraworld.com\/pt-pt\/blog\/o-melhor-do-verao-o-que-acontece-em-junho\/","og_site_name":"*Vilamoura","article_published_time":"2025-06-27T09:02:29+00:00","article_modified_time":"2025-06-27T09:34:34+00:00","author":"from","twitter_card":"summary_large_image","twitter_misc":{"Escrito por":"from","Tempo estimado de leitura":"2 minutos"},"schema":{"@context":"https:\/\/schema.org","@graph":[{"@type":"Article","@id":"https:\/\/www.vilamouraworld.com\/pt-pt\/blog\/o-melhor-do-verao-o-que-acontece-em-junho\/#article","isPartOf":{"@id":"https:\/\/www.vilamouraworld.com\/pt-pt\/blog\/o-melhor-do-verao-o-que-acontece-em-junho\/"},"author":{"name":"from","@id":"https:\/\/www.vilamouraworld.com\/#\/schema\/person\/60a2390d957ec7a8ee5b32682bad0a9b"},"headline":"Ver\u00e3o em cheio","datePublished":"2025-06-27T09:02:29+00:00","dateModified":"2025-06-27T09:34:34+00:00","mainEntityOfPage":{"@id":"https:\/\/www.vilamouraworld.com\/pt-pt\/blog\/o-melhor-do-verao-o-que-acontece-em-junho\/"},"wordCount":344,"publisher":{"@id":"https:\/\/www.vilamouraworld.com\/#organization"},"image":{"@id":"https:\/\/www.vilamouraworld.com\/pt-pt\/blog\/o-melhor-do-verao-o-que-acontece-em-junho\/#primaryimage"},"thumbnailUrl":"https:\/\/www.vilamouraworld.com\/wp-content\/uploads\/2025\/06\/IMG_2425.jpg","keywords":["Summer","vilamoura","vilamoura destination","Wellness"],"articleSection":["Acontece em*","Viver em*"],"inLanguage":"pt-PT"},{"@type":"WebPage","@id":"https:\/\/www.vilamouraworld.com\/pt-pt\/blog\/o-melhor-do-verao-o-que-acontece-em-junho\/","url":"https:\/\/www.vilamouraworld.com\/pt-pt\/blog\/o-melhor-do-verao-o-que-acontece-em-junho\/","name":"Ver\u00e3o em cheio - *Vilamoura","isPartOf":{"@id":"https:\/\/www.vilamouraworld.com\/#website"},"primaryImageOfPage":{"@id":"https:\/\/www.vilamouraworld.com\/pt-pt\/blog\/o-melhor-do-verao-o-que-acontece-em-junho\/#primaryimage"},"image":{"@id":"https:\/\/www.vilamouraworld.com\/pt-pt\/blog\/o-melhor-do-verao-o-que-acontece-em-junho\/#primaryimage"},"thumbnailUrl":"https:\/\/www.vilamouraworld.com\/wp-content\/uploads\/2025\/06\/IMG_2425.jpg","datePublished":"2025-06-27T09:02:29+00:00","dateModified":"2025-06-27T09:34:34+00:00","description":"Viva o ver\u00e3o em Vilamoura como nunca antes, yoga ao nascer do sol, torneios de golfe, eventos culturais e muito mais.","breadcrumb":{"@id":"https:\/\/www.vilamouraworld.com\/pt-pt\/blog\/o-melhor-do-verao-o-que-acontece-em-junho\/#breadcrumb"},"inLanguage":"pt-PT","potentialAction":[{"@type":"ReadAction","target":["https:\/\/www.vilamouraworld.com\/pt-pt\/blog\/o-melhor-do-verao-o-que-acontece-em-junho\/"]}]},{"@type":"ImageObject","inLanguage":"pt-PT","@id":"https:\/\/www.vilamouraworld.com\/pt-pt\/blog\/o-melhor-do-verao-o-que-acontece-em-junho\/#primaryimage","url":"https:\/\/www.vilamouraworld.com\/wp-content\/uploads\/2025\/06\/IMG_2425.jpg","contentUrl":"https:\/\/www.vilamouraworld.com\/wp-content\/uploads\/2025\/06\/IMG_2425.jpg","width":2048,"height":1365},{"@type":"BreadcrumbList","@id":"https:\/\/www.vilamouraworld.com\/pt-pt\/blog\/o-melhor-do-verao-o-que-acontece-em-junho\/#breadcrumb","itemListElement":[{"@type":"ListItem","position":1,"name":"Home","item":"https:\/\/www.vilamouraworld.com\/"},{"@type":"ListItem","position":2,"name":"Ver\u00e3o em cheio"}]},{"@type":"WebSite","@id":"https:\/\/www.vilamouraworld.com\/#website","url":"https:\/\/www.vilamouraworld.com\/","name":"*Vilamoura","description":"Becoming Extraordinary","publisher":{"@id":"https:\/\/www.vilamouraworld.com\/#organization"},"potentialAction":[{"@type":"SearchAction","target":{"@type":"EntryPoint","urlTemplate":"https:\/\/www.vilamouraworld.com\/?s={search_term_string}"},"query-input":{"@type":"PropertyValueSpecification","valueRequired":true,"valueName":"search_term_string"}}],"inLanguage":"pt-PT"},{"@type":"Organization","@id":"https:\/\/www.vilamouraworld.com\/#organization","name":"*Vilamoura","url":"https:\/\/www.vilamouraworld.com\/","logo":{"@type":"ImageObject","inLanguage":"pt-PT","@id":"https:\/\/www.vilamouraworld.com\/#\/schema\/logo\/image\/","url":"https:\/\/www.vilamouraworld.com\/wp-content\/uploads\/2023\/07\/Vilamoura_Logo_White.svg","contentUrl":"https:\/\/www.vilamouraworld.com\/wp-content\/uploads\/2023\/07\/Vilamoura_Logo_White.svg","width":6199,"height":960,"caption":"*Vilamoura"},"image":{"@id":"https:\/\/www.vilamouraworld.com\/#\/schema\/logo\/image\/"}},{"@type":"Person","@id":"https:\/\/www.vilamouraworld.com\/#\/schema\/person\/60a2390d957ec7a8ee5b32682bad0a9b","name":"from","url":"https:\/\/www.vilamouraworld.com\/pt-pt\/blog\/author\/from\/"}]}},"_links":{"self":[{"href":"https:\/\/www.vilamouraworld.com\/pt-pt\/wp-json\/wp\/v2\/posts\/15007","targetHints":{"allow":["GET"]}}],"collection":[{"href":"https:\/\/www.vilamouraworld.com\/pt-pt\/wp-json\/wp\/v2\/posts"}],"about":[{"href":"https:\/\/www.vilamouraworld.com\/pt-pt\/wp-json\/wp\/v2\/types\/post"}],"author":[{"embeddable":true,"href":"https:\/\/www.vilamouraworld.com\/pt-pt\/wp-json\/wp\/v2\/users\/24"}],"replies":[{"embeddable":true,"href":"https:\/\/www.vilamouraworld.com\/pt-pt\/wp-json\/wp\/v2\/comments?post=15007"}],"version-history":[{"count":1,"href":"https:\/\/www.vilamouraworld.com\/pt-pt\/wp-json\/wp\/v2\/posts\/15007\/revisions"}],"predecessor-version":[{"id":15009,"href":"https:\/\/www.vilamouraworld.com\/pt-pt\/wp-json\/wp\/v2\/posts\/15007\/revisions\/15009"}],"wp:featuredmedia":[{"embeddable":true,"href":"https:\/\/www.vilamouraworld.com\/pt-pt\/wp-json\/wp\/v2\/media\/15011"}],"wp:attachment":[{"href":"https:\/\/www.vilamouraworld.com\/pt-pt\/wp-json\/wp\/v2\/media?parent=15007"}],"wp:term":[{"taxonomy":"category","embeddable":true,"href":"https:\/\/www.vilamouraworld.com\/pt-pt\/wp-json\/wp\/v2\/categories?post=15007"},{"taxonomy":"post_tag","embeddable":true,"href":"https:\/\/www.vilamouraworld.com\/pt-pt\/wp-json\/wp\/v2\/tags?post=15007"}],"curies":[{"name":"wp","href":"https:\/\/api.w.org\/{rel}","templated":true}]}}