{"id":14178,"date":"2025-05-30T09:15:08","date_gmt":"2025-05-30T08:15:08","guid":{"rendered":"https:\/\/www.vilamouraworld.com\/blog\/o-verao-esta-a-chegar-a-vilamoura\/"},"modified":"2025-05-30T09:15:08","modified_gmt":"2025-05-30T08:15:08","slug":"o-verao-esta-a-chegar-a-vilamoura","status":"publish","type":"post","link":"https:\/\/www.vilamouraworld.com\/pt-pt\/blog\/o-verao-esta-a-chegar-a-vilamoura\/","title":{"rendered":"O ver\u00e3o est\u00e1 a chegar a Vilamoura"},"content":{"rendered":"<p>O ver\u00e3o est\u00e1 a chegar, e Vilamoura est\u00e1 pronta. \u00c0 medida que o Algarve entra na sua esta\u00e7\u00e3o mais soalheira, a cidade come\u00e7a a ganhar vida, as manh\u00e3s prolongam-se em longas tardes douradas, e as noites quentes convidam a estar ao ar livre. <\/p>\n<p>Quer esteja por c\u00e1 numa escapadinha ou a instalar-se para a temporada, Vilamoura oferece in\u00fameras formas de aproveitar o ver\u00e3o ao m\u00e1ximo. Desde dias de praia e passeios de barco a mercados ao ar livre, bebidas ao p\u00f4r do sol e aventuras em fam\u00edlia, este \u00e9 um lugar feito para abrandar e desfrutar da vida ao ar livre. <\/p>\n<p>A atividade est\u00e1 por todo o lado. D\u00ea uma tacada num dos nossos campos de golfe de campeonato. Explore a costa \u00e0 vela. Ou simplesmente relaxe: passeie pela marina e descubra as suas lojas e caf\u00e9s.   <\/p>\n<p>Uma programa\u00e7\u00e3o completa de eventos torna a esta\u00e7\u00e3o ainda mais din\u00e2mica. Sess\u00f5es de cinema ao ar livre no Cerro da Vila, aulas de ioga nos jardins e o regresso do Vilamoura Boat Show s\u00e3o apenas algumas das raz\u00f5es para ficar mais um pouco e descobrir algo novo todas as semanas. <\/p>\n<p>E embora o ver\u00e3o traga mais para ver e fazer, Vilamoura mant\u00e9m aquilo que a torna verdadeiramente especial: o ritmo calmo, a sensa\u00e7\u00e3o de espa\u00e7o e um estilo de vida descontra\u00eddo, acolhedor e naturalmente agrad\u00e1vel.<\/p>\n<p>Muitos parceiros locais est\u00e3o a oferecer promo\u00e7\u00f5es sazonais \u2014 incluindo experi\u00eancias gastron\u00f3micas, passeios de barco e ofertas de bem-estar \u2014 pensadas para o ajudar a tirar o m\u00e1ximo partido do seu tempo aqui.<\/p>\n<p>Quer esteja \u00e0 procura de um lugar para recarregar energias, reconectar-se ou simplesmente aproveitar o sol, o ver\u00e3o em Vilamoura oferece-lhe espa\u00e7o para respirar e muito para explorar.<\/p>\n<p>Descubra o que est\u00e1 para vir em vilamouraworld.com.<\/p>\n","protected":false},"excerpt":{"rendered":"<p>O ver\u00e3o est\u00e1 a chegar, e Vilamoura est\u00e1 pronta. \u00c0 medida que o Algarve entra na sua esta\u00e7\u00e3o mais soalheira, a cidade come\u00e7a a ganhar vida, as manh\u00e3s prolongam-se em longas tardes douradas, e as noites quentes convidam a estar ao ar livre. Quer esteja por c\u00e1 numa escapadinha ou a instalar-se para a temporada, [&hellip;]<\/p>\n","protected":false},"author":24,"featured_media":14176,"comment_status":"closed","ping_status":"open","sticky":false,"template":"","format":"standard","meta":{"footnotes":""},"categories":[96],"tags":[187,321],"class_list":["post-14178","post","type-post","status-publish","format-standard","has-post-thumbnail","hentry","category-acontece-em","tag-vilamoura-pt-pt","tag-vilamoura-living-pt-pt"],"yoast_head":"<!-- This site is optimized with the Yoast SEO plugin v27.1.1 - https:\/\/yoast.com\/product\/yoast-seo-wordpress\/ -->\n<title>O ver\u00e3o est\u00e1 a chegar a Vilamoura - *Vilamoura<\/title>\n<meta name=\"description\" content=\"Vilamoura est\u00e1 a preparar-se para um ver\u00e3o vibrante e repleto de atividades em 2025, com uma vasta gama de eventos e experi\u00eancias.\" \/>\n<meta name=\"robots\" content=\"index, follow, max-snippet:-1, max-image-preview:large, max-video-preview:-1\" \/>\n<link rel=\"canonical\" href=\"https:\/\/www.vilamouraworld.com\/pt-pt\/blog\/o-verao-esta-a-chegar-a-vilamoura\/\" \/>\n<meta property=\"og:locale\" content=\"pt_PT\" \/>\n<meta property=\"og:type\" content=\"article\" \/>\n<meta property=\"og:title\" content=\"O ver\u00e3o est\u00e1 a chegar a Vilamoura - *Vilamoura\" \/>\n<meta property=\"og:description\" content=\"Vilamoura est\u00e1 a preparar-se para um ver\u00e3o vibrante e repleto de atividades em 2025, com uma vasta gama de eventos e experi\u00eancias.\" \/>\n<meta property=\"og:url\" content=\"https:\/\/www.vilamouraworld.com\/pt-pt\/blog\/o-verao-esta-a-chegar-a-vilamoura\/\" \/>\n<meta property=\"og:site_name\" content=\"*Vilamoura\" \/>\n<meta property=\"article:published_time\" content=\"2025-05-30T08:15:08+00:00\" \/>\n<meta property=\"og:image\" content=\"https:\/\/www.vilamouraworld.com\/wp-content\/uploads\/2025\/05\/k-scaled.jpg\" \/>\n\t<meta property=\"og:image:width\" content=\"2560\" \/>\n\t<meta property=\"og:image:height\" content=\"1706\" \/>\n\t<meta property=\"og:image:type\" content=\"image\/jpeg\" \/>\n<meta name=\"author\" content=\"from\" \/>\n<meta name=\"twitter:card\" content=\"summary_large_image\" \/>\n<meta name=\"twitter:label1\" content=\"Escrito por\" \/>\n\t<meta name=\"twitter:data1\" content=\"from\" \/>\n\t<meta name=\"twitter:label2\" content=\"Tempo estimado de leitura\" \/>\n\t<meta name=\"twitter:data2\" content=\"2 minutos\" \/>\n<script type=\"application\/ld+json\" class=\"yoast-schema-graph\">{\"@context\":\"https:\/\/schema.org\",\"@graph\":[{\"@type\":\"Article\",\"@id\":\"https:\/\/www.vilamouraworld.com\/pt-pt\/blog\/o-verao-esta-a-chegar-a-vilamoura\/#article\",\"isPartOf\":{\"@id\":\"https:\/\/www.vilamouraworld.com\/pt-pt\/blog\/o-verao-esta-a-chegar-a-vilamoura\/\"},\"author\":{\"name\":\"from\",\"@id\":\"https:\/\/www.vilamouraworld.com\/#\/schema\/person\/60a2390d957ec7a8ee5b32682bad0a9b\"},\"headline\":\"O ver\u00e3o est\u00e1 a chegar a Vilamoura\",\"datePublished\":\"2025-05-30T08:15:08+00:00\",\"mainEntityOfPage\":{\"@id\":\"https:\/\/www.vilamouraworld.com\/pt-pt\/blog\/o-verao-esta-a-chegar-a-vilamoura\/\"},\"wordCount\":323,\"publisher\":{\"@id\":\"https:\/\/www.vilamouraworld.com\/#organization\"},\"image\":{\"@id\":\"https:\/\/www.vilamouraworld.com\/pt-pt\/blog\/o-verao-esta-a-chegar-a-vilamoura\/#primaryimage\"},\"thumbnailUrl\":\"https:\/\/www.vilamouraworld.com\/wp-content\/uploads\/2025\/05\/k-scaled.jpg\",\"keywords\":[\"vilamoura\",\"Vilamoura living\"],\"articleSection\":[\"Acontece em*\"],\"inLanguage\":\"pt-PT\"},{\"@type\":\"WebPage\",\"@id\":\"https:\/\/www.vilamouraworld.com\/pt-pt\/blog\/o-verao-esta-a-chegar-a-vilamoura\/\",\"url\":\"https:\/\/www.vilamouraworld.com\/pt-pt\/blog\/o-verao-esta-a-chegar-a-vilamoura\/\",\"name\":\"O ver\u00e3o est\u00e1 a chegar a Vilamoura - *Vilamoura\",\"isPartOf\":{\"@id\":\"https:\/\/www.vilamouraworld.com\/#website\"},\"primaryImageOfPage\":{\"@id\":\"https:\/\/www.vilamouraworld.com\/pt-pt\/blog\/o-verao-esta-a-chegar-a-vilamoura\/#primaryimage\"},\"image\":{\"@id\":\"https:\/\/www.vilamouraworld.com\/pt-pt\/blog\/o-verao-esta-a-chegar-a-vilamoura\/#primaryimage\"},\"thumbnailUrl\":\"https:\/\/www.vilamouraworld.com\/wp-content\/uploads\/2025\/05\/k-scaled.jpg\",\"datePublished\":\"2025-05-30T08:15:08+00:00\",\"description\":\"Vilamoura est\u00e1 a preparar-se para um ver\u00e3o vibrante e repleto de atividades em 2025, com uma vasta gama de eventos e experi\u00eancias.\",\"breadcrumb\":{\"@id\":\"https:\/\/www.vilamouraworld.com\/pt-pt\/blog\/o-verao-esta-a-chegar-a-vilamoura\/#breadcrumb\"},\"inLanguage\":\"pt-PT\",\"potentialAction\":[{\"@type\":\"ReadAction\",\"target\":[\"https:\/\/www.vilamouraworld.com\/pt-pt\/blog\/o-verao-esta-a-chegar-a-vilamoura\/\"]}]},{\"@type\":\"ImageObject\",\"inLanguage\":\"pt-PT\",\"@id\":\"https:\/\/www.vilamouraworld.com\/pt-pt\/blog\/o-verao-esta-a-chegar-a-vilamoura\/#primaryimage\",\"url\":\"https:\/\/www.vilamouraworld.com\/wp-content\/uploads\/2025\/05\/k-scaled.jpg\",\"contentUrl\":\"https:\/\/www.vilamouraworld.com\/wp-content\/uploads\/2025\/05\/k-scaled.jpg\",\"width\":2560,\"height\":1706},{\"@type\":\"BreadcrumbList\",\"@id\":\"https:\/\/www.vilamouraworld.com\/pt-pt\/blog\/o-verao-esta-a-chegar-a-vilamoura\/#breadcrumb\",\"itemListElement\":[{\"@type\":\"ListItem\",\"position\":1,\"name\":\"Home\",\"item\":\"https:\/\/www.vilamouraworld.com\/\"},{\"@type\":\"ListItem\",\"position\":2,\"name\":\"O ver\u00e3o est\u00e1 a chegar a Vilamoura\"}]},{\"@type\":\"WebSite\",\"@id\":\"https:\/\/www.vilamouraworld.com\/#website\",\"url\":\"https:\/\/www.vilamouraworld.com\/\",\"name\":\"*Vilamoura\",\"description\":\"Becoming Extraordinary\",\"publisher\":{\"@id\":\"https:\/\/www.vilamouraworld.com\/#organization\"},\"potentialAction\":[{\"@type\":\"SearchAction\",\"target\":{\"@type\":\"EntryPoint\",\"urlTemplate\":\"https:\/\/www.vilamouraworld.com\/?s={search_term_string}\"},\"query-input\":{\"@type\":\"PropertyValueSpecification\",\"valueRequired\":true,\"valueName\":\"search_term_string\"}}],\"inLanguage\":\"pt-PT\"},{\"@type\":\"Organization\",\"@id\":\"https:\/\/www.vilamouraworld.com\/#organization\",\"name\":\"*Vilamoura\",\"url\":\"https:\/\/www.vilamouraworld.com\/\",\"logo\":{\"@type\":\"ImageObject\",\"inLanguage\":\"pt-PT\",\"@id\":\"https:\/\/www.vilamouraworld.com\/#\/schema\/logo\/image\/\",\"url\":\"https:\/\/www.vilamouraworld.com\/wp-content\/uploads\/2023\/07\/Vilamoura_Logo_White.svg\",\"contentUrl\":\"https:\/\/www.vilamouraworld.com\/wp-content\/uploads\/2023\/07\/Vilamoura_Logo_White.svg\",\"width\":6199,\"height\":960,\"caption\":\"*Vilamoura\"},\"image\":{\"@id\":\"https:\/\/www.vilamouraworld.com\/#\/schema\/logo\/image\/\"}},{\"@type\":\"Person\",\"@id\":\"https:\/\/www.vilamouraworld.com\/#\/schema\/person\/60a2390d957ec7a8ee5b32682bad0a9b\",\"name\":\"from\",\"url\":\"https:\/\/www.vilamouraworld.com\/pt-pt\/blog\/author\/from\/\"}]}<\/script>\n<!-- \/ Yoast SEO plugin. -->","yoast_head_json":{"title":"O ver\u00e3o est\u00e1 a chegar a Vilamoura - *Vilamoura","description":"Vilamoura est\u00e1 a preparar-se para um ver\u00e3o vibrante e repleto de atividades em 2025, com uma vasta gama de eventos e experi\u00eancias.","robots":{"index":"index","follow":"follow","max-snippet":"max-snippet:-1","max-image-preview":"max-image-preview:large","max-video-preview":"max-video-preview:-1"},"canonical":"https:\/\/www.vilamouraworld.com\/pt-pt\/blog\/o-verao-esta-a-chegar-a-vilamoura\/","og_locale":"pt_PT","og_type":"article","og_title":"O ver\u00e3o est\u00e1 a chegar a Vilamoura - *Vilamoura","og_description":"Vilamoura est\u00e1 a preparar-se para um ver\u00e3o vibrante e repleto de atividades em 2025, com uma vasta gama de eventos e experi\u00eancias.","og_url":"https:\/\/www.vilamouraworld.com\/pt-pt\/blog\/o-verao-esta-a-chegar-a-vilamoura\/","og_site_name":"*Vilamoura","article_published_time":"2025-05-30T08:15:08+00:00","og_image":[{"width":2560,"height":1706,"url":"https:\/\/www.vilamouraworld.com\/wp-content\/uploads\/2025\/05\/k-scaled.jpg","type":"image\/jpeg"}],"author":"from","twitter_card":"summary_large_image","twitter_misc":{"Escrito por":"from","Tempo estimado de leitura":"2 minutos"},"schema":{"@context":"https:\/\/schema.org","@graph":[{"@type":"Article","@id":"https:\/\/www.vilamouraworld.com\/pt-pt\/blog\/o-verao-esta-a-chegar-a-vilamoura\/#article","isPartOf":{"@id":"https:\/\/www.vilamouraworld.com\/pt-pt\/blog\/o-verao-esta-a-chegar-a-vilamoura\/"},"author":{"name":"from","@id":"https:\/\/www.vilamouraworld.com\/#\/schema\/person\/60a2390d957ec7a8ee5b32682bad0a9b"},"headline":"O ver\u00e3o est\u00e1 a chegar a Vilamoura","datePublished":"2025-05-30T08:15:08+00:00","mainEntityOfPage":{"@id":"https:\/\/www.vilamouraworld.com\/pt-pt\/blog\/o-verao-esta-a-chegar-a-vilamoura\/"},"wordCount":323,"publisher":{"@id":"https:\/\/www.vilamouraworld.com\/#organization"},"image":{"@id":"https:\/\/www.vilamouraworld.com\/pt-pt\/blog\/o-verao-esta-a-chegar-a-vilamoura\/#primaryimage"},"thumbnailUrl":"https:\/\/www.vilamouraworld.com\/wp-content\/uploads\/2025\/05\/k-scaled.jpg","keywords":["vilamoura","Vilamoura living"],"articleSection":["Acontece em*"],"inLanguage":"pt-PT"},{"@type":"WebPage","@id":"https:\/\/www.vilamouraworld.com\/pt-pt\/blog\/o-verao-esta-a-chegar-a-vilamoura\/","url":"https:\/\/www.vilamouraworld.com\/pt-pt\/blog\/o-verao-esta-a-chegar-a-vilamoura\/","name":"O ver\u00e3o est\u00e1 a chegar a Vilamoura - *Vilamoura","isPartOf":{"@id":"https:\/\/www.vilamouraworld.com\/#website"},"primaryImageOfPage":{"@id":"https:\/\/www.vilamouraworld.com\/pt-pt\/blog\/o-verao-esta-a-chegar-a-vilamoura\/#primaryimage"},"image":{"@id":"https:\/\/www.vilamouraworld.com\/pt-pt\/blog\/o-verao-esta-a-chegar-a-vilamoura\/#primaryimage"},"thumbnailUrl":"https:\/\/www.vilamouraworld.com\/wp-content\/uploads\/2025\/05\/k-scaled.jpg","datePublished":"2025-05-30T08:15:08+00:00","description":"Vilamoura est\u00e1 a preparar-se para um ver\u00e3o vibrante e repleto de atividades em 2025, com uma vasta gama de eventos e experi\u00eancias.","breadcrumb":{"@id":"https:\/\/www.vilamouraworld.com\/pt-pt\/blog\/o-verao-esta-a-chegar-a-vilamoura\/#breadcrumb"},"inLanguage":"pt-PT","potentialAction":[{"@type":"ReadAction","target":["https:\/\/www.vilamouraworld.com\/pt-pt\/blog\/o-verao-esta-a-chegar-a-vilamoura\/"]}]},{"@type":"ImageObject","inLanguage":"pt-PT","@id":"https:\/\/www.vilamouraworld.com\/pt-pt\/blog\/o-verao-esta-a-chegar-a-vilamoura\/#primaryimage","url":"https:\/\/www.vilamouraworld.com\/wp-content\/uploads\/2025\/05\/k-scaled.jpg","contentUrl":"https:\/\/www.vilamouraworld.com\/wp-content\/uploads\/2025\/05\/k-scaled.jpg","width":2560,"height":1706},{"@type":"BreadcrumbList","@id":"https:\/\/www.vilamouraworld.com\/pt-pt\/blog\/o-verao-esta-a-chegar-a-vilamoura\/#breadcrumb","itemListElement":[{"@type":"ListItem","position":1,"name":"Home","item":"https:\/\/www.vilamouraworld.com\/"},{"@type":"ListItem","position":2,"name":"O ver\u00e3o est\u00e1 a chegar a Vilamoura"}]},{"@type":"WebSite","@id":"https:\/\/www.vilamouraworld.com\/#website","url":"https:\/\/www.vilamouraworld.com\/","name":"*Vilamoura","description":"Becoming Extraordinary","publisher":{"@id":"https:\/\/www.vilamouraworld.com\/#organization"},"potentialAction":[{"@type":"SearchAction","target":{"@type":"EntryPoint","urlTemplate":"https:\/\/www.vilamouraworld.com\/?s={search_term_string}"},"query-input":{"@type":"PropertyValueSpecification","valueRequired":true,"valueName":"search_term_string"}}],"inLanguage":"pt-PT"},{"@type":"Organization","@id":"https:\/\/www.vilamouraworld.com\/#organization","name":"*Vilamoura","url":"https:\/\/www.vilamouraworld.com\/","logo":{"@type":"ImageObject","inLanguage":"pt-PT","@id":"https:\/\/www.vilamouraworld.com\/#\/schema\/logo\/image\/","url":"https:\/\/www.vilamouraworld.com\/wp-content\/uploads\/2023\/07\/Vilamoura_Logo_White.svg","contentUrl":"https:\/\/www.vilamouraworld.com\/wp-content\/uploads\/2023\/07\/Vilamoura_Logo_White.svg","width":6199,"height":960,"caption":"*Vilamoura"},"image":{"@id":"https:\/\/www.vilamouraworld.com\/#\/schema\/logo\/image\/"}},{"@type":"Person","@id":"https:\/\/www.vilamouraworld.com\/#\/schema\/person\/60a2390d957ec7a8ee5b32682bad0a9b","name":"from","url":"https:\/\/www.vilamouraworld.com\/pt-pt\/blog\/author\/from\/"}]}},"_links":{"self":[{"href":"https:\/\/www.vilamouraworld.com\/pt-pt\/wp-json\/wp\/v2\/posts\/14178","targetHints":{"allow":["GET"]}}],"collection":[{"href":"https:\/\/www.vilamouraworld.com\/pt-pt\/wp-json\/wp\/v2\/posts"}],"about":[{"href":"https:\/\/www.vilamouraworld.com\/pt-pt\/wp-json\/wp\/v2\/types\/post"}],"author":[{"embeddable":true,"href":"https:\/\/www.vilamouraworld.com\/pt-pt\/wp-json\/wp\/v2\/users\/24"}],"replies":[{"embeddable":true,"href":"https:\/\/www.vilamouraworld.com\/pt-pt\/wp-json\/wp\/v2\/comments?post=14178"}],"version-history":[{"count":0,"href":"https:\/\/www.vilamouraworld.com\/pt-pt\/wp-json\/wp\/v2\/posts\/14178\/revisions"}],"wp:featuredmedia":[{"embeddable":true,"href":"https:\/\/www.vilamouraworld.com\/pt-pt\/wp-json\/wp\/v2\/media\/14176"}],"wp:attachment":[{"href":"https:\/\/www.vilamouraworld.com\/pt-pt\/wp-json\/wp\/v2\/media?parent=14178"}],"wp:term":[{"taxonomy":"category","embeddable":true,"href":"https:\/\/www.vilamouraworld.com\/pt-pt\/wp-json\/wp\/v2\/categories?post=14178"},{"taxonomy":"post_tag","embeddable":true,"href":"https:\/\/www.vilamouraworld.com\/pt-pt\/wp-json\/wp\/v2\/tags?post=14178"}],"curies":[{"name":"wp","href":"https:\/\/api.w.org\/{rel}","templated":true}]}}