{"id":13572,"date":"2025-03-31T13:43:58","date_gmt":"2025-03-31T12:43:58","guid":{"rendered":"https:\/\/www.vilamouraworld.com\/blog\/e-oficialmente-primavera-e-pascoa\/"},"modified":"2025-03-31T13:43:58","modified_gmt":"2025-03-31T12:43:58","slug":"e-oficialmente-primavera-e-pascoa","status":"publish","type":"post","link":"https:\/\/www.vilamouraworld.com\/pt-pt\/blog\/e-oficialmente-primavera-e-pascoa\/","title":{"rendered":"\u00c9 oficialmente primavera e P\u00e1scoa"},"content":{"rendered":"<h3>P\u00e1scoa em Vilamoura: Sol, Folar e a Magia da Esta\u00e7\u00e3o<\/h3>\n<p>A P\u00e1scoa em Vilamoura \u00e9 uma celebra\u00e7\u00e3o dos prazeres simples: dias na praia cheios de sol, tempo de qualidade com a fam\u00edlia e um forte sentido de comunidade. Quer viva aqui o ano todo ou esteja apenas a de visita para umas f\u00e9rias, a primavera \u00e9 uma \u00e9poca especial para abra\u00e7ar o ritmo mais lento da vida e aproveitar tudo o que nosso destino tem para oferecer. <\/p>\n<p>Com temperaturas a chegar aos 20\u00b0C, esta \u00e9 a esta\u00e7\u00e3o perfeita para desfrutar ao ar livre. As nossas praias est\u00e3o no seu melhor\u2014tranquilas, banhadas pelo sol e ideais para tudo, desde construir castelos de areia com as crian\u00e7as at\u00e9 longos passeios pela costa acompanhados de um belo caf\u00e9.<br \/>Fique atento \u00e0s iguarias da P\u00e1scoa nos nossos caf\u00e9s e padarias\u2014especialmente o doce e condimentado Folar, tradicionalmente oferecido a familiares e amigos durante o fim de semana da P\u00e1scoa.  <\/p>\n<p>&nbsp;<\/p>\n<h3><strong>Dias de fam\u00edlia, \u00e0 sua maneira<\/strong><\/h3>\n<p>Vilamoura tem in\u00fameras op\u00e7\u00f5es para passar tempo de qualidade juntos durante as f\u00e9rias escolares. Quer seja um passeio de barco a sair da Marina, a jogar uma partida de golfe em fam\u00edlia ou simplesmente a desfrutar de um gelado ao sol, encontrar\u00e1 algo para todas as idades e n\u00edveis de energia. Para aqueles que preferem ficar perto de casa, as nossas instala\u00e7\u00f5es locais tornam f\u00e1cil relaxar enquanto as crian\u00e7as se divertem. Pense em mergulhos matinais, almo\u00e7os descontra\u00eddos e at\u00e9 uma r\u00e1pida visita ao spa antes da pr\u00f3xima aventura come\u00e7ar.<br \/>\n<br \/>Workshop de Bolos de P\u00e1scoa: Uma Doce Forma de Passar a P\u00e1scoa<br \/>No s\u00e1bado, 6 de abril, estamos a celebrar a esta\u00e7\u00e3o com um workshop especial de design de bolos de P\u00e1scoa, no Museu Cerro da Vila. Com a artes\u00e3 Anabela Vieira, esta sess\u00e3o pr\u00e1tica \u00e9 uma oportunidade para ser criativo com designs festivos, perfeita para quem quer aprender algo novo ou partilhar um momento especial com os entes queridos. As vagas s\u00e3o limitadas, por isso, reserve o seu lugar em events@vilamouraworld.com.      <\/p>\n","protected":false},"excerpt":{"rendered":"<p>P\u00e1scoa em Vilamoura: Sol, Folar e a Magia da Esta\u00e7\u00e3o A P\u00e1scoa em Vilamoura \u00e9 uma celebra\u00e7\u00e3o dos prazeres simples: dias na praia cheios de sol, tempo de qualidade com a fam\u00edlia e um forte sentido de comunidade. Quer viva aqui o ano todo ou esteja apenas a de visita para umas f\u00e9rias, a primavera [&hellip;]<\/p>\n","protected":false},"author":24,"featured_media":13571,"comment_status":"closed","ping_status":"open","sticky":false,"template":"","format":"standard","meta":{"footnotes":""},"categories":[96],"tags":[380,357],"class_list":["post-13572","post","type-post","status-publish","format-standard","has-post-thumbnail","hentry","category-acontece-em","tag-easter-in-vilamoura-pt-pt","tag-vilamoura-destination-pt-pt"],"yoast_head":"<!-- This site is optimized with the Yoast SEO plugin v27.1.1 - https:\/\/yoast.com\/product\/yoast-seo-wordpress\/ -->\n<title>\u00c9 oficialmente primavera e P\u00e1scoa - *Vilamoura<\/title>\n<meta name=\"description\" content=\"Celebre a esta\u00e7\u00e3o com nossas ofertas especiais de Primavera e P\u00e1scoa! Descubra ideias festivas, decora\u00e7\u00f5es e atividades.\" \/>\n<meta name=\"robots\" content=\"index, follow, max-snippet:-1, max-image-preview:large, max-video-preview:-1\" \/>\n<link rel=\"canonical\" href=\"https:\/\/www.vilamouraworld.com\/pt-pt\/blog\/e-oficialmente-primavera-e-pascoa\/\" \/>\n<meta property=\"og:locale\" content=\"pt_PT\" \/>\n<meta property=\"og:type\" content=\"article\" \/>\n<meta property=\"og:title\" content=\"\u00c9 oficialmente primavera e P\u00e1scoa - *Vilamoura\" \/>\n<meta property=\"og:description\" content=\"Celebre a esta\u00e7\u00e3o com nossas ofertas especiais de Primavera e P\u00e1scoa! Descubra ideias festivas, decora\u00e7\u00f5es e atividades.\" \/>\n<meta property=\"og:url\" content=\"https:\/\/www.vilamouraworld.com\/pt-pt\/blog\/e-oficialmente-primavera-e-pascoa\/\" \/>\n<meta property=\"og:site_name\" content=\"*Vilamoura\" \/>\n<meta property=\"article:published_time\" content=\"2025-03-31T12:43:58+00:00\" \/>\n<meta property=\"og:image\" content=\"https:\/\/www.vilamouraworld.com\/wp-content\/uploads\/2025\/03\/3G0A9257-scaled.jpg\" \/>\n\t<meta property=\"og:image:width\" content=\"1707\" \/>\n\t<meta property=\"og:image:height\" content=\"2560\" \/>\n\t<meta property=\"og:image:type\" content=\"image\/jpeg\" \/>\n<meta name=\"author\" content=\"from\" \/>\n<meta name=\"twitter:card\" content=\"summary_large_image\" \/>\n<meta name=\"twitter:label1\" content=\"Escrito por\" \/>\n\t<meta name=\"twitter:data1\" content=\"from\" \/>\n\t<meta name=\"twitter:label2\" content=\"Tempo estimado de leitura\" \/>\n\t<meta name=\"twitter:data2\" content=\"2 minutos\" \/>\n<script type=\"application\/ld+json\" class=\"yoast-schema-graph\">{\"@context\":\"https:\/\/schema.org\",\"@graph\":[{\"@type\":\"Article\",\"@id\":\"https:\/\/www.vilamouraworld.com\/pt-pt\/blog\/e-oficialmente-primavera-e-pascoa\/#article\",\"isPartOf\":{\"@id\":\"https:\/\/www.vilamouraworld.com\/pt-pt\/blog\/e-oficialmente-primavera-e-pascoa\/\"},\"author\":{\"name\":\"from\",\"@id\":\"https:\/\/www.vilamouraworld.com\/#\/schema\/person\/60a2390d957ec7a8ee5b32682bad0a9b\"},\"headline\":\"\u00c9 oficialmente primavera e P\u00e1scoa\",\"datePublished\":\"2025-03-31T12:43:58+00:00\",\"mainEntityOfPage\":{\"@id\":\"https:\/\/www.vilamouraworld.com\/pt-pt\/blog\/e-oficialmente-primavera-e-pascoa\/\"},\"wordCount\":369,\"publisher\":{\"@id\":\"https:\/\/www.vilamouraworld.com\/#organization\"},\"image\":{\"@id\":\"https:\/\/www.vilamouraworld.com\/pt-pt\/blog\/e-oficialmente-primavera-e-pascoa\/#primaryimage\"},\"thumbnailUrl\":\"https:\/\/www.vilamouraworld.com\/wp-content\/uploads\/2025\/03\/3G0A9257-scaled.jpg\",\"keywords\":[\"Easter in Vilamoura\",\"vilamoura destination\"],\"articleSection\":[\"Acontece em*\"],\"inLanguage\":\"pt-PT\"},{\"@type\":\"WebPage\",\"@id\":\"https:\/\/www.vilamouraworld.com\/pt-pt\/blog\/e-oficialmente-primavera-e-pascoa\/\",\"url\":\"https:\/\/www.vilamouraworld.com\/pt-pt\/blog\/e-oficialmente-primavera-e-pascoa\/\",\"name\":\"\u00c9 oficialmente primavera e P\u00e1scoa - *Vilamoura\",\"isPartOf\":{\"@id\":\"https:\/\/www.vilamouraworld.com\/#website\"},\"primaryImageOfPage\":{\"@id\":\"https:\/\/www.vilamouraworld.com\/pt-pt\/blog\/e-oficialmente-primavera-e-pascoa\/#primaryimage\"},\"image\":{\"@id\":\"https:\/\/www.vilamouraworld.com\/pt-pt\/blog\/e-oficialmente-primavera-e-pascoa\/#primaryimage\"},\"thumbnailUrl\":\"https:\/\/www.vilamouraworld.com\/wp-content\/uploads\/2025\/03\/3G0A9257-scaled.jpg\",\"datePublished\":\"2025-03-31T12:43:58+00:00\",\"description\":\"Celebre a esta\u00e7\u00e3o com nossas ofertas especiais de Primavera e P\u00e1scoa! Descubra ideias festivas, decora\u00e7\u00f5es e atividades.\",\"breadcrumb\":{\"@id\":\"https:\/\/www.vilamouraworld.com\/pt-pt\/blog\/e-oficialmente-primavera-e-pascoa\/#breadcrumb\"},\"inLanguage\":\"pt-PT\",\"potentialAction\":[{\"@type\":\"ReadAction\",\"target\":[\"https:\/\/www.vilamouraworld.com\/pt-pt\/blog\/e-oficialmente-primavera-e-pascoa\/\"]}]},{\"@type\":\"ImageObject\",\"inLanguage\":\"pt-PT\",\"@id\":\"https:\/\/www.vilamouraworld.com\/pt-pt\/blog\/e-oficialmente-primavera-e-pascoa\/#primaryimage\",\"url\":\"https:\/\/www.vilamouraworld.com\/wp-content\/uploads\/2025\/03\/3G0A9257-scaled.jpg\",\"contentUrl\":\"https:\/\/www.vilamouraworld.com\/wp-content\/uploads\/2025\/03\/3G0A9257-scaled.jpg\",\"width\":1707,\"height\":2560,\"caption\":\"Two people walking down a sunlit, narrow street lined with buildings and greenery. One person has an arm around the other, and they are carrying a mesh bag with oranges.\"},{\"@type\":\"BreadcrumbList\",\"@id\":\"https:\/\/www.vilamouraworld.com\/pt-pt\/blog\/e-oficialmente-primavera-e-pascoa\/#breadcrumb\",\"itemListElement\":[{\"@type\":\"ListItem\",\"position\":1,\"name\":\"Home\",\"item\":\"https:\/\/www.vilamouraworld.com\/\"},{\"@type\":\"ListItem\",\"position\":2,\"name\":\"\u00c9 oficialmente primavera e P\u00e1scoa\"}]},{\"@type\":\"WebSite\",\"@id\":\"https:\/\/www.vilamouraworld.com\/#website\",\"url\":\"https:\/\/www.vilamouraworld.com\/\",\"name\":\"*Vilamoura\",\"description\":\"Becoming Extraordinary\",\"publisher\":{\"@id\":\"https:\/\/www.vilamouraworld.com\/#organization\"},\"potentialAction\":[{\"@type\":\"SearchAction\",\"target\":{\"@type\":\"EntryPoint\",\"urlTemplate\":\"https:\/\/www.vilamouraworld.com\/?s={search_term_string}\"},\"query-input\":{\"@type\":\"PropertyValueSpecification\",\"valueRequired\":true,\"valueName\":\"search_term_string\"}}],\"inLanguage\":\"pt-PT\"},{\"@type\":\"Organization\",\"@id\":\"https:\/\/www.vilamouraworld.com\/#organization\",\"name\":\"*Vilamoura\",\"url\":\"https:\/\/www.vilamouraworld.com\/\",\"logo\":{\"@type\":\"ImageObject\",\"inLanguage\":\"pt-PT\",\"@id\":\"https:\/\/www.vilamouraworld.com\/#\/schema\/logo\/image\/\",\"url\":\"https:\/\/www.vilamouraworld.com\/wp-content\/uploads\/2023\/07\/Vilamoura_Logo_White.svg\",\"contentUrl\":\"https:\/\/www.vilamouraworld.com\/wp-content\/uploads\/2023\/07\/Vilamoura_Logo_White.svg\",\"width\":6199,\"height\":960,\"caption\":\"*Vilamoura\"},\"image\":{\"@id\":\"https:\/\/www.vilamouraworld.com\/#\/schema\/logo\/image\/\"}},{\"@type\":\"Person\",\"@id\":\"https:\/\/www.vilamouraworld.com\/#\/schema\/person\/60a2390d957ec7a8ee5b32682bad0a9b\",\"name\":\"from\",\"url\":\"https:\/\/www.vilamouraworld.com\/pt-pt\/blog\/author\/from\/\"}]}<\/script>\n<!-- \/ Yoast SEO plugin. -->","yoast_head_json":{"title":"\u00c9 oficialmente primavera e P\u00e1scoa - *Vilamoura","description":"Celebre a esta\u00e7\u00e3o com nossas ofertas especiais de Primavera e P\u00e1scoa! Descubra ideias festivas, decora\u00e7\u00f5es e atividades.","robots":{"index":"index","follow":"follow","max-snippet":"max-snippet:-1","max-image-preview":"max-image-preview:large","max-video-preview":"max-video-preview:-1"},"canonical":"https:\/\/www.vilamouraworld.com\/pt-pt\/blog\/e-oficialmente-primavera-e-pascoa\/","og_locale":"pt_PT","og_type":"article","og_title":"\u00c9 oficialmente primavera e P\u00e1scoa - *Vilamoura","og_description":"Celebre a esta\u00e7\u00e3o com nossas ofertas especiais de Primavera e P\u00e1scoa! Descubra ideias festivas, decora\u00e7\u00f5es e atividades.","og_url":"https:\/\/www.vilamouraworld.com\/pt-pt\/blog\/e-oficialmente-primavera-e-pascoa\/","og_site_name":"*Vilamoura","article_published_time":"2025-03-31T12:43:58+00:00","og_image":[{"width":1707,"height":2560,"url":"https:\/\/www.vilamouraworld.com\/wp-content\/uploads\/2025\/03\/3G0A9257-scaled.jpg","type":"image\/jpeg"}],"author":"from","twitter_card":"summary_large_image","twitter_misc":{"Escrito por":"from","Tempo estimado de leitura":"2 minutos"},"schema":{"@context":"https:\/\/schema.org","@graph":[{"@type":"Article","@id":"https:\/\/www.vilamouraworld.com\/pt-pt\/blog\/e-oficialmente-primavera-e-pascoa\/#article","isPartOf":{"@id":"https:\/\/www.vilamouraworld.com\/pt-pt\/blog\/e-oficialmente-primavera-e-pascoa\/"},"author":{"name":"from","@id":"https:\/\/www.vilamouraworld.com\/#\/schema\/person\/60a2390d957ec7a8ee5b32682bad0a9b"},"headline":"\u00c9 oficialmente primavera e P\u00e1scoa","datePublished":"2025-03-31T12:43:58+00:00","mainEntityOfPage":{"@id":"https:\/\/www.vilamouraworld.com\/pt-pt\/blog\/e-oficialmente-primavera-e-pascoa\/"},"wordCount":369,"publisher":{"@id":"https:\/\/www.vilamouraworld.com\/#organization"},"image":{"@id":"https:\/\/www.vilamouraworld.com\/pt-pt\/blog\/e-oficialmente-primavera-e-pascoa\/#primaryimage"},"thumbnailUrl":"https:\/\/www.vilamouraworld.com\/wp-content\/uploads\/2025\/03\/3G0A9257-scaled.jpg","keywords":["Easter in Vilamoura","vilamoura destination"],"articleSection":["Acontece em*"],"inLanguage":"pt-PT"},{"@type":"WebPage","@id":"https:\/\/www.vilamouraworld.com\/pt-pt\/blog\/e-oficialmente-primavera-e-pascoa\/","url":"https:\/\/www.vilamouraworld.com\/pt-pt\/blog\/e-oficialmente-primavera-e-pascoa\/","name":"\u00c9 oficialmente primavera e P\u00e1scoa - *Vilamoura","isPartOf":{"@id":"https:\/\/www.vilamouraworld.com\/#website"},"primaryImageOfPage":{"@id":"https:\/\/www.vilamouraworld.com\/pt-pt\/blog\/e-oficialmente-primavera-e-pascoa\/#primaryimage"},"image":{"@id":"https:\/\/www.vilamouraworld.com\/pt-pt\/blog\/e-oficialmente-primavera-e-pascoa\/#primaryimage"},"thumbnailUrl":"https:\/\/www.vilamouraworld.com\/wp-content\/uploads\/2025\/03\/3G0A9257-scaled.jpg","datePublished":"2025-03-31T12:43:58+00:00","description":"Celebre a esta\u00e7\u00e3o com nossas ofertas especiais de Primavera e P\u00e1scoa! Descubra ideias festivas, decora\u00e7\u00f5es e atividades.","breadcrumb":{"@id":"https:\/\/www.vilamouraworld.com\/pt-pt\/blog\/e-oficialmente-primavera-e-pascoa\/#breadcrumb"},"inLanguage":"pt-PT","potentialAction":[{"@type":"ReadAction","target":["https:\/\/www.vilamouraworld.com\/pt-pt\/blog\/e-oficialmente-primavera-e-pascoa\/"]}]},{"@type":"ImageObject","inLanguage":"pt-PT","@id":"https:\/\/www.vilamouraworld.com\/pt-pt\/blog\/e-oficialmente-primavera-e-pascoa\/#primaryimage","url":"https:\/\/www.vilamouraworld.com\/wp-content\/uploads\/2025\/03\/3G0A9257-scaled.jpg","contentUrl":"https:\/\/www.vilamouraworld.com\/wp-content\/uploads\/2025\/03\/3G0A9257-scaled.jpg","width":1707,"height":2560,"caption":"Two people walking down a sunlit, narrow street lined with buildings and greenery. One person has an arm around the other, and they are carrying a mesh bag with oranges."},{"@type":"BreadcrumbList","@id":"https:\/\/www.vilamouraworld.com\/pt-pt\/blog\/e-oficialmente-primavera-e-pascoa\/#breadcrumb","itemListElement":[{"@type":"ListItem","position":1,"name":"Home","item":"https:\/\/www.vilamouraworld.com\/"},{"@type":"ListItem","position":2,"name":"\u00c9 oficialmente primavera e P\u00e1scoa"}]},{"@type":"WebSite","@id":"https:\/\/www.vilamouraworld.com\/#website","url":"https:\/\/www.vilamouraworld.com\/","name":"*Vilamoura","description":"Becoming Extraordinary","publisher":{"@id":"https:\/\/www.vilamouraworld.com\/#organization"},"potentialAction":[{"@type":"SearchAction","target":{"@type":"EntryPoint","urlTemplate":"https:\/\/www.vilamouraworld.com\/?s={search_term_string}"},"query-input":{"@type":"PropertyValueSpecification","valueRequired":true,"valueName":"search_term_string"}}],"inLanguage":"pt-PT"},{"@type":"Organization","@id":"https:\/\/www.vilamouraworld.com\/#organization","name":"*Vilamoura","url":"https:\/\/www.vilamouraworld.com\/","logo":{"@type":"ImageObject","inLanguage":"pt-PT","@id":"https:\/\/www.vilamouraworld.com\/#\/schema\/logo\/image\/","url":"https:\/\/www.vilamouraworld.com\/wp-content\/uploads\/2023\/07\/Vilamoura_Logo_White.svg","contentUrl":"https:\/\/www.vilamouraworld.com\/wp-content\/uploads\/2023\/07\/Vilamoura_Logo_White.svg","width":6199,"height":960,"caption":"*Vilamoura"},"image":{"@id":"https:\/\/www.vilamouraworld.com\/#\/schema\/logo\/image\/"}},{"@type":"Person","@id":"https:\/\/www.vilamouraworld.com\/#\/schema\/person\/60a2390d957ec7a8ee5b32682bad0a9b","name":"from","url":"https:\/\/www.vilamouraworld.com\/pt-pt\/blog\/author\/from\/"}]}},"_links":{"self":[{"href":"https:\/\/www.vilamouraworld.com\/pt-pt\/wp-json\/wp\/v2\/posts\/13572","targetHints":{"allow":["GET"]}}],"collection":[{"href":"https:\/\/www.vilamouraworld.com\/pt-pt\/wp-json\/wp\/v2\/posts"}],"about":[{"href":"https:\/\/www.vilamouraworld.com\/pt-pt\/wp-json\/wp\/v2\/types\/post"}],"author":[{"embeddable":true,"href":"https:\/\/www.vilamouraworld.com\/pt-pt\/wp-json\/wp\/v2\/users\/24"}],"replies":[{"embeddable":true,"href":"https:\/\/www.vilamouraworld.com\/pt-pt\/wp-json\/wp\/v2\/comments?post=13572"}],"version-history":[{"count":0,"href":"https:\/\/www.vilamouraworld.com\/pt-pt\/wp-json\/wp\/v2\/posts\/13572\/revisions"}],"wp:featuredmedia":[{"embeddable":true,"href":"https:\/\/www.vilamouraworld.com\/pt-pt\/wp-json\/wp\/v2\/media\/13571"}],"wp:attachment":[{"href":"https:\/\/www.vilamouraworld.com\/pt-pt\/wp-json\/wp\/v2\/media?parent=13572"}],"wp:term":[{"taxonomy":"category","embeddable":true,"href":"https:\/\/www.vilamouraworld.com\/pt-pt\/wp-json\/wp\/v2\/categories?post=13572"},{"taxonomy":"post_tag","embeddable":true,"href":"https:\/\/www.vilamouraworld.com\/pt-pt\/wp-json\/wp\/v2\/tags?post=13572"}],"curies":[{"name":"wp","href":"https:\/\/api.w.org\/{rel}","templated":true}]}}