{"id":12017,"date":"2024-12-23T15:26:00","date_gmt":"2024-12-23T15:26:00","guid":{"rendered":"https:\/\/www.vilamouraworld.com\/blog\/lancamento-dos-50-anos-da-marina-de-vilamoura-e-da-nova-marina\/"},"modified":"2024-12-30T17:33:33","modified_gmt":"2024-12-30T17:33:33","slug":"lancamento-dos-50-anos-da-marina-de-vilamoura-e-da-nova-marina","status":"publish","type":"post","link":"https:\/\/www.vilamouraworld.com\/pt-pt\/blog\/lancamento-dos-50-anos-da-marina-de-vilamoura-e-da-nova-marina\/","title":{"rendered":"Lan\u00e7amento dos 50 anos da Marina de Vilamoura e da Nova Marina"},"content":{"rendered":"<h3>Marina de Vilamoura faz 50 anos: um ano para recordar<\/h3>\n<p>2024 foi um ano extraordin\u00e1rio para a nossa ic\u00f3nica marina. Ao celebrar o seu 50\u00ba anivers\u00e1rio, a marina desenvolveu-se como um centro vibrante para a comunidade de barcos de recreio, com destaque para um evento de celebra\u00e7\u00e3o memor\u00e1vel e a inaugura\u00e7\u00e3o da nova Marina Nova. Com um futuro brilhante pela frente, olhemos mais de perto para os destaques que tornaram este ano t\u00e3o extraordin\u00e1rio.  <\/p>\n<h4><\/h4>\n<p>&nbsp;<\/p>\n<h3>Assinalar os 50 anos da Marina de Vilamoura<\/h3>\n<p>Desde a sua cria\u00e7\u00e3o em 1974, a Marina de Vilamoura cresceu de uma ideia audaz para um centro internacionalmente reconhecido para os entusiastas de embarca\u00e7\u00f5es de recreio. Concebida por Artur Cupertino de Miranda, a marina come\u00e7ou por ser um projeto pequeno e, desde ent\u00e3o, transformou-se num destino de primeira linha com uma reputa\u00e7\u00e3o global de excel\u00eancia. Ao longo das d\u00e9cadas, expandiu-se e adaptou-se para satisfazer as necessidades em constante evolu\u00e7\u00e3o, dispondo atualmente de 825 postos de amarra\u00e7\u00e3o, incluindo espa\u00e7os para embarca\u00e7\u00f5es de maior dimens\u00e3o. Ao longo do seu percurso, a Marina de Vilamoura recebeu in\u00fameras distin\u00e7\u00f5es, incluindo a prestigiada certifica\u00e7\u00e3o 5 Gold Anchor Platinum da The Yacht Harbour Association (TYHA), uma distin\u00e7\u00e3o rara partilhada por apenas 11 marinas em todo o mundo. Estes reconhecimentos n\u00e3o s\u00f3 real\u00e7am o seu compromisso com infraestruturas de qualidade superior e servi\u00e7os excecionais, mas tamb\u00e9m refletem o seu papel como um farol de uni\u00e3o entre as pessoas e o mar. Este legado de excel\u00eancia foi devidamente celebrado num evento que assinalou o 50\u00ba anivers\u00e1rio da marina. Personalidades e representantes do governo reuniram-se para testemunhar a inaugura\u00e7\u00e3o de placas comemorativas, prestando homenagem \u00e0 sua rica hist\u00f3ria e conquistas. A noite desenrolou-se com uma calorosa rece\u00e7\u00e3o de boas-vindas e uma exposi\u00e7\u00e3o inspiradora, atua\u00e7\u00f5es ao vivo e dan\u00e7a &#8211; uma verdadeira celebra\u00e7\u00e3o do duradouro patrim\u00f3nio mar\u00edtimo de Vilamoura.  <\/p>\n<h4><\/h4>\n<p>&nbsp;<\/p>\n<h3>Apresentamos a Nova Marina: Um salto para o futuro<\/h3>\n<p>A nova Nova Marina foi tamb\u00e9m revelada durante as celebra\u00e7\u00f5es do 50.\u00ba anivers\u00e1rio &#8211; uma infraestrutura de \u00faltima tecnologia com 68 postos de amarra\u00e7\u00e3o especificamente concebidos para embarca\u00e7\u00f5es de grande dimens\u00e3o, entre os 20 e os 40 metros de comprimento, indo ao encontro da crescente procura de solu\u00e7\u00f5es de postos de amarra\u00e7\u00e3o de elevada qualidade. Com recursos avan\u00e7ados, como sistemas individuais de bombeamento para uma gest\u00e3o eficiente dos res\u00edduos, esta\u00e7\u00f5es de carregamento el\u00e9trico e muito mais, a Nova Marina \u00e9 mais do que apenas um local de ancoragem, mas um farol de infraestrutura n\u00e1utica sustent\u00e1vel. \u201cA nossa vis\u00e3o com a Nova Marina era ir al\u00e9m da simples cria\u00e7\u00e3o de mais postos de amarra\u00e7\u00e3o; quer\u00edamos proporcionar uma experi\u00eancia inigual\u00e1vel aos propriet\u00e1rios de embarca\u00e7\u00f5es de grandes dimens\u00f5es e \u00e0s suas tripula\u00e7\u00f5es\u201d, partilhou Isolete Correia, CEO de Vilamoura e da Marina de Vilamoura. A inaugura\u00e7\u00e3o da Nova Marina n\u00e3o \u00e9 apenas um marco para Vilamoura, mas tamb\u00e9m para o setor n\u00e1utico em Portugal. Solidifica o Algarve como um destino l\u00edder em viagens mar\u00edtimas de luxo, capaz de captar turismo de topo para a sua costa. A instala\u00e7\u00e3o reflete uma abordagem inovadora em rela\u00e7\u00e3o ao turismo n\u00e1utico, alinhando tecnologia de ponta com sustentabilidade para estabelecer novos padr\u00f5es na ind\u00fastria.<\/p>\n<h4><\/h4>\n<p>&nbsp;<\/p>\n<h3>Celebrar o passado, abra\u00e7ar o futuro<\/h3>\n<p>As comemora\u00e7\u00f5es do 50\u00ba anivers\u00e1rio destacaram o percurso da Marina de Vilamoura, de conceito vision\u00e1rio a refer\u00eancia n\u00e1utica mundial. Isolete Correia captou a ess\u00eancia deste legado, afirmando: \u201cAo longo destes 50 anos, o nosso percurso simboliza muito mais do que uma mera infraestrutura n\u00e1utica. Acima de tudo, estamos a criar um legado que definir\u00e1 a excel\u00eancia n\u00e1utica para as gera\u00e7\u00f5es futuras.\u201d \u00c0 medida que a Marina de Vilamoura embarca no seu pr\u00f3ximo cap\u00edtulo, a Nova Marina \u00e9 um farol do seu compromisso duradouro com a inova\u00e7\u00e3o, sustentabilidade e excel\u00eancia, estabelecendo uma fasquia elevada para a comunidade global de barcos de grande dimens\u00e3o. <\/p>\n","protected":false},"excerpt":{"rendered":"<p>Marina de Vilamoura faz 50 anos: um ano para recordar 2024 foi um ano extraordin\u00e1rio para a nossa ic\u00f3nica marina. Ao celebrar o seu 50\u00ba anivers\u00e1rio, a marina desenvolveu-se como um centro vibrante para a comunidade de barcos de recreio, com destaque para um evento de celebra\u00e7\u00e3o memor\u00e1vel e a inaugura\u00e7\u00e3o da nova Marina Nova. [&hellip;]<\/p>\n","protected":false},"author":24,"featured_media":11996,"comment_status":"closed","ping_status":"open","sticky":false,"template":"","format":"standard","meta":{"footnotes":""},"categories":[96],"tags":[318,219,316,317,320,319],"class_list":["post-12017","post","type-post","status-publish","format-standard","has-post-thumbnail","hentry","category-acontece-em","tag-50-anos","tag-marina-de-vilamoura-pt-pt","tag-marina-de-vilamoura-pt-pt-2","tag-nova-marina-pt-pt","tag-postos-de-amarracao","tag-setor-nautico"],"yoast_head":"<!-- This site is optimized with the Yoast SEO plugin v27.1.1 - https:\/\/yoast.com\/product\/yoast-seo-wordpress\/ -->\n<title>Lan\u00e7amento dos 50 anos da Marina de Vilamoura e da Nova Marina - *Vilamoura<\/title>\n<meta name=\"description\" content=\"Celebrar o 50\u00ba anivers\u00e1rio da Marina de Vilamoura - um ano de refer\u00eancia com o seu legado e a inaugura\u00e7\u00e3o da inovadora Nova Marina.\" \/>\n<meta name=\"robots\" content=\"index, follow, max-snippet:-1, max-image-preview:large, max-video-preview:-1\" \/>\n<link rel=\"canonical\" href=\"https:\/\/www.vilamouraworld.com\/pt-pt\/blog\/lancamento-dos-50-anos-da-marina-de-vilamoura-e-da-nova-marina\/\" \/>\n<meta property=\"og:locale\" content=\"pt_PT\" \/>\n<meta property=\"og:type\" content=\"article\" \/>\n<meta property=\"og:title\" content=\"Lan\u00e7amento dos 50 anos da Marina de Vilamoura e da Nova Marina - *Vilamoura\" \/>\n<meta property=\"og:description\" content=\"Celebrar o 50\u00ba anivers\u00e1rio da Marina de Vilamoura - um ano de refer\u00eancia com o seu legado e a inaugura\u00e7\u00e3o da inovadora Nova Marina.\" \/>\n<meta property=\"og:url\" content=\"https:\/\/www.vilamouraworld.com\/pt-pt\/blog\/lancamento-dos-50-anos-da-marina-de-vilamoura-e-da-nova-marina\/\" \/>\n<meta property=\"og:site_name\" content=\"*Vilamoura\" \/>\n<meta property=\"article:published_time\" content=\"2024-12-23T15:26:00+00:00\" \/>\n<meta property=\"article:modified_time\" content=\"2024-12-30T17:33:33+00:00\" \/>\n<meta property=\"og:image\" content=\"https:\/\/www.vilamouraworld.com\/wp-content\/uploads\/2024\/12\/untitled-7809_FHD.jpg\" \/>\n\t<meta property=\"og:image:width\" content=\"1344\" \/>\n\t<meta property=\"og:image:height\" content=\"896\" \/>\n\t<meta property=\"og:image:type\" content=\"image\/jpeg\" \/>\n<meta name=\"author\" content=\"from\" \/>\n<meta name=\"twitter:card\" content=\"summary_large_image\" \/>\n<meta name=\"twitter:label1\" content=\"Escrito por\" \/>\n\t<meta name=\"twitter:data1\" content=\"from\" \/>\n\t<meta name=\"twitter:label2\" content=\"Tempo estimado de leitura\" \/>\n\t<meta name=\"twitter:data2\" content=\"4 minutos\" \/>\n<script type=\"application\/ld+json\" class=\"yoast-schema-graph\">{\"@context\":\"https:\/\/schema.org\",\"@graph\":[{\"@type\":\"Article\",\"@id\":\"https:\/\/www.vilamouraworld.com\/pt-pt\/blog\/lancamento-dos-50-anos-da-marina-de-vilamoura-e-da-nova-marina\/#article\",\"isPartOf\":{\"@id\":\"https:\/\/www.vilamouraworld.com\/pt-pt\/blog\/lancamento-dos-50-anos-da-marina-de-vilamoura-e-da-nova-marina\/\"},\"author\":{\"name\":\"from\",\"@id\":\"https:\/\/www.vilamouraworld.com\/#\/schema\/person\/60a2390d957ec7a8ee5b32682bad0a9b\"},\"headline\":\"Lan\u00e7amento dos 50 anos da Marina de Vilamoura e da Nova Marina\",\"datePublished\":\"2024-12-23T15:26:00+00:00\",\"dateModified\":\"2024-12-30T17:33:33+00:00\",\"mainEntityOfPage\":{\"@id\":\"https:\/\/www.vilamouraworld.com\/pt-pt\/blog\/lancamento-dos-50-anos-da-marina-de-vilamoura-e-da-nova-marina\/\"},\"wordCount\":712,\"publisher\":{\"@id\":\"https:\/\/www.vilamouraworld.com\/#organization\"},\"image\":{\"@id\":\"https:\/\/www.vilamouraworld.com\/pt-pt\/blog\/lancamento-dos-50-anos-da-marina-de-vilamoura-e-da-nova-marina\/#primaryimage\"},\"thumbnailUrl\":\"https:\/\/www.vilamouraworld.com\/wp-content\/uploads\/2024\/12\/untitled-7809_FHD.jpg\",\"keywords\":[\"50 anos\",\"Marina de Vilamoura\",\"Marina de Vilamoura\",\"Nova Marina\",\"postos de amarra\u00e7\u00e3o\",\"setor n\u00e1utico\"],\"articleSection\":[\"Acontece em*\"],\"inLanguage\":\"pt-PT\"},{\"@type\":\"WebPage\",\"@id\":\"https:\/\/www.vilamouraworld.com\/pt-pt\/blog\/lancamento-dos-50-anos-da-marina-de-vilamoura-e-da-nova-marina\/\",\"url\":\"https:\/\/www.vilamouraworld.com\/pt-pt\/blog\/lancamento-dos-50-anos-da-marina-de-vilamoura-e-da-nova-marina\/\",\"name\":\"Lan\u00e7amento dos 50 anos da Marina de Vilamoura e da Nova Marina - *Vilamoura\",\"isPartOf\":{\"@id\":\"https:\/\/www.vilamouraworld.com\/#website\"},\"primaryImageOfPage\":{\"@id\":\"https:\/\/www.vilamouraworld.com\/pt-pt\/blog\/lancamento-dos-50-anos-da-marina-de-vilamoura-e-da-nova-marina\/#primaryimage\"},\"image\":{\"@id\":\"https:\/\/www.vilamouraworld.com\/pt-pt\/blog\/lancamento-dos-50-anos-da-marina-de-vilamoura-e-da-nova-marina\/#primaryimage\"},\"thumbnailUrl\":\"https:\/\/www.vilamouraworld.com\/wp-content\/uploads\/2024\/12\/untitled-7809_FHD.jpg\",\"datePublished\":\"2024-12-23T15:26:00+00:00\",\"dateModified\":\"2024-12-30T17:33:33+00:00\",\"description\":\"Celebrar o 50\u00ba anivers\u00e1rio da Marina de Vilamoura - um ano de refer\u00eancia com o seu legado e a inaugura\u00e7\u00e3o da inovadora Nova Marina.\",\"breadcrumb\":{\"@id\":\"https:\/\/www.vilamouraworld.com\/pt-pt\/blog\/lancamento-dos-50-anos-da-marina-de-vilamoura-e-da-nova-marina\/#breadcrumb\"},\"inLanguage\":\"pt-PT\",\"potentialAction\":[{\"@type\":\"ReadAction\",\"target\":[\"https:\/\/www.vilamouraworld.com\/pt-pt\/blog\/lancamento-dos-50-anos-da-marina-de-vilamoura-e-da-nova-marina\/\"]}]},{\"@type\":\"ImageObject\",\"inLanguage\":\"pt-PT\",\"@id\":\"https:\/\/www.vilamouraworld.com\/pt-pt\/blog\/lancamento-dos-50-anos-da-marina-de-vilamoura-e-da-nova-marina\/#primaryimage\",\"url\":\"https:\/\/www.vilamouraworld.com\/wp-content\/uploads\/2024\/12\/untitled-7809_FHD.jpg\",\"contentUrl\":\"https:\/\/www.vilamouraworld.com\/wp-content\/uploads\/2024\/12\/untitled-7809_FHD.jpg\",\"width\":1344,\"height\":896,\"caption\":\"A person waving at a marina with luxury yachts docked in the background, under a clear sky.\"},{\"@type\":\"BreadcrumbList\",\"@id\":\"https:\/\/www.vilamouraworld.com\/pt-pt\/blog\/lancamento-dos-50-anos-da-marina-de-vilamoura-e-da-nova-marina\/#breadcrumb\",\"itemListElement\":[{\"@type\":\"ListItem\",\"position\":1,\"name\":\"Home\",\"item\":\"https:\/\/www.vilamouraworld.com\/\"},{\"@type\":\"ListItem\",\"position\":2,\"name\":\"Lan\u00e7amento dos 50 anos da Marina de Vilamoura e da Nova Marina\"}]},{\"@type\":\"WebSite\",\"@id\":\"https:\/\/www.vilamouraworld.com\/#website\",\"url\":\"https:\/\/www.vilamouraworld.com\/\",\"name\":\"*Vilamoura\",\"description\":\"Becoming Extraordinary\",\"publisher\":{\"@id\":\"https:\/\/www.vilamouraworld.com\/#organization\"},\"potentialAction\":[{\"@type\":\"SearchAction\",\"target\":{\"@type\":\"EntryPoint\",\"urlTemplate\":\"https:\/\/www.vilamouraworld.com\/?s={search_term_string}\"},\"query-input\":{\"@type\":\"PropertyValueSpecification\",\"valueRequired\":true,\"valueName\":\"search_term_string\"}}],\"inLanguage\":\"pt-PT\"},{\"@type\":\"Organization\",\"@id\":\"https:\/\/www.vilamouraworld.com\/#organization\",\"name\":\"*Vilamoura\",\"url\":\"https:\/\/www.vilamouraworld.com\/\",\"logo\":{\"@type\":\"ImageObject\",\"inLanguage\":\"pt-PT\",\"@id\":\"https:\/\/www.vilamouraworld.com\/#\/schema\/logo\/image\/\",\"url\":\"https:\/\/www.vilamouraworld.com\/wp-content\/uploads\/2023\/07\/Vilamoura_Logo_White.svg\",\"contentUrl\":\"https:\/\/www.vilamouraworld.com\/wp-content\/uploads\/2023\/07\/Vilamoura_Logo_White.svg\",\"width\":6199,\"height\":960,\"caption\":\"*Vilamoura\"},\"image\":{\"@id\":\"https:\/\/www.vilamouraworld.com\/#\/schema\/logo\/image\/\"}},{\"@type\":\"Person\",\"@id\":\"https:\/\/www.vilamouraworld.com\/#\/schema\/person\/60a2390d957ec7a8ee5b32682bad0a9b\",\"name\":\"from\",\"url\":\"https:\/\/www.vilamouraworld.com\/pt-pt\/blog\/author\/from\/\"}]}<\/script>\n<!-- \/ Yoast SEO plugin. -->","yoast_head_json":{"title":"Lan\u00e7amento dos 50 anos da Marina de Vilamoura e da Nova Marina - *Vilamoura","description":"Celebrar o 50\u00ba anivers\u00e1rio da Marina de Vilamoura - um ano de refer\u00eancia com o seu legado e a inaugura\u00e7\u00e3o da inovadora Nova Marina.","robots":{"index":"index","follow":"follow","max-snippet":"max-snippet:-1","max-image-preview":"max-image-preview:large","max-video-preview":"max-video-preview:-1"},"canonical":"https:\/\/www.vilamouraworld.com\/pt-pt\/blog\/lancamento-dos-50-anos-da-marina-de-vilamoura-e-da-nova-marina\/","og_locale":"pt_PT","og_type":"article","og_title":"Lan\u00e7amento dos 50 anos da Marina de Vilamoura e da Nova Marina - *Vilamoura","og_description":"Celebrar o 50\u00ba anivers\u00e1rio da Marina de Vilamoura - um ano de refer\u00eancia com o seu legado e a inaugura\u00e7\u00e3o da inovadora Nova Marina.","og_url":"https:\/\/www.vilamouraworld.com\/pt-pt\/blog\/lancamento-dos-50-anos-da-marina-de-vilamoura-e-da-nova-marina\/","og_site_name":"*Vilamoura","article_published_time":"2024-12-23T15:26:00+00:00","article_modified_time":"2024-12-30T17:33:33+00:00","og_image":[{"width":1344,"height":896,"url":"https:\/\/www.vilamouraworld.com\/wp-content\/uploads\/2024\/12\/untitled-7809_FHD.jpg","type":"image\/jpeg"}],"author":"from","twitter_card":"summary_large_image","twitter_misc":{"Escrito por":"from","Tempo estimado de leitura":"4 minutos"},"schema":{"@context":"https:\/\/schema.org","@graph":[{"@type":"Article","@id":"https:\/\/www.vilamouraworld.com\/pt-pt\/blog\/lancamento-dos-50-anos-da-marina-de-vilamoura-e-da-nova-marina\/#article","isPartOf":{"@id":"https:\/\/www.vilamouraworld.com\/pt-pt\/blog\/lancamento-dos-50-anos-da-marina-de-vilamoura-e-da-nova-marina\/"},"author":{"name":"from","@id":"https:\/\/www.vilamouraworld.com\/#\/schema\/person\/60a2390d957ec7a8ee5b32682bad0a9b"},"headline":"Lan\u00e7amento dos 50 anos da Marina de Vilamoura e da Nova Marina","datePublished":"2024-12-23T15:26:00+00:00","dateModified":"2024-12-30T17:33:33+00:00","mainEntityOfPage":{"@id":"https:\/\/www.vilamouraworld.com\/pt-pt\/blog\/lancamento-dos-50-anos-da-marina-de-vilamoura-e-da-nova-marina\/"},"wordCount":712,"publisher":{"@id":"https:\/\/www.vilamouraworld.com\/#organization"},"image":{"@id":"https:\/\/www.vilamouraworld.com\/pt-pt\/blog\/lancamento-dos-50-anos-da-marina-de-vilamoura-e-da-nova-marina\/#primaryimage"},"thumbnailUrl":"https:\/\/www.vilamouraworld.com\/wp-content\/uploads\/2024\/12\/untitled-7809_FHD.jpg","keywords":["50 anos","Marina de Vilamoura","Marina de Vilamoura","Nova Marina","postos de amarra\u00e7\u00e3o","setor n\u00e1utico"],"articleSection":["Acontece em*"],"inLanguage":"pt-PT"},{"@type":"WebPage","@id":"https:\/\/www.vilamouraworld.com\/pt-pt\/blog\/lancamento-dos-50-anos-da-marina-de-vilamoura-e-da-nova-marina\/","url":"https:\/\/www.vilamouraworld.com\/pt-pt\/blog\/lancamento-dos-50-anos-da-marina-de-vilamoura-e-da-nova-marina\/","name":"Lan\u00e7amento dos 50 anos da Marina de Vilamoura e da Nova Marina - *Vilamoura","isPartOf":{"@id":"https:\/\/www.vilamouraworld.com\/#website"},"primaryImageOfPage":{"@id":"https:\/\/www.vilamouraworld.com\/pt-pt\/blog\/lancamento-dos-50-anos-da-marina-de-vilamoura-e-da-nova-marina\/#primaryimage"},"image":{"@id":"https:\/\/www.vilamouraworld.com\/pt-pt\/blog\/lancamento-dos-50-anos-da-marina-de-vilamoura-e-da-nova-marina\/#primaryimage"},"thumbnailUrl":"https:\/\/www.vilamouraworld.com\/wp-content\/uploads\/2024\/12\/untitled-7809_FHD.jpg","datePublished":"2024-12-23T15:26:00+00:00","dateModified":"2024-12-30T17:33:33+00:00","description":"Celebrar o 50\u00ba anivers\u00e1rio da Marina de Vilamoura - um ano de refer\u00eancia com o seu legado e a inaugura\u00e7\u00e3o da inovadora Nova Marina.","breadcrumb":{"@id":"https:\/\/www.vilamouraworld.com\/pt-pt\/blog\/lancamento-dos-50-anos-da-marina-de-vilamoura-e-da-nova-marina\/#breadcrumb"},"inLanguage":"pt-PT","potentialAction":[{"@type":"ReadAction","target":["https:\/\/www.vilamouraworld.com\/pt-pt\/blog\/lancamento-dos-50-anos-da-marina-de-vilamoura-e-da-nova-marina\/"]}]},{"@type":"ImageObject","inLanguage":"pt-PT","@id":"https:\/\/www.vilamouraworld.com\/pt-pt\/blog\/lancamento-dos-50-anos-da-marina-de-vilamoura-e-da-nova-marina\/#primaryimage","url":"https:\/\/www.vilamouraworld.com\/wp-content\/uploads\/2024\/12\/untitled-7809_FHD.jpg","contentUrl":"https:\/\/www.vilamouraworld.com\/wp-content\/uploads\/2024\/12\/untitled-7809_FHD.jpg","width":1344,"height":896,"caption":"A person waving at a marina with luxury yachts docked in the background, under a clear sky."},{"@type":"BreadcrumbList","@id":"https:\/\/www.vilamouraworld.com\/pt-pt\/blog\/lancamento-dos-50-anos-da-marina-de-vilamoura-e-da-nova-marina\/#breadcrumb","itemListElement":[{"@type":"ListItem","position":1,"name":"Home","item":"https:\/\/www.vilamouraworld.com\/"},{"@type":"ListItem","position":2,"name":"Lan\u00e7amento dos 50 anos da Marina de Vilamoura e da Nova Marina"}]},{"@type":"WebSite","@id":"https:\/\/www.vilamouraworld.com\/#website","url":"https:\/\/www.vilamouraworld.com\/","name":"*Vilamoura","description":"Becoming Extraordinary","publisher":{"@id":"https:\/\/www.vilamouraworld.com\/#organization"},"potentialAction":[{"@type":"SearchAction","target":{"@type":"EntryPoint","urlTemplate":"https:\/\/www.vilamouraworld.com\/?s={search_term_string}"},"query-input":{"@type":"PropertyValueSpecification","valueRequired":true,"valueName":"search_term_string"}}],"inLanguage":"pt-PT"},{"@type":"Organization","@id":"https:\/\/www.vilamouraworld.com\/#organization","name":"*Vilamoura","url":"https:\/\/www.vilamouraworld.com\/","logo":{"@type":"ImageObject","inLanguage":"pt-PT","@id":"https:\/\/www.vilamouraworld.com\/#\/schema\/logo\/image\/","url":"https:\/\/www.vilamouraworld.com\/wp-content\/uploads\/2023\/07\/Vilamoura_Logo_White.svg","contentUrl":"https:\/\/www.vilamouraworld.com\/wp-content\/uploads\/2023\/07\/Vilamoura_Logo_White.svg","width":6199,"height":960,"caption":"*Vilamoura"},"image":{"@id":"https:\/\/www.vilamouraworld.com\/#\/schema\/logo\/image\/"}},{"@type":"Person","@id":"https:\/\/www.vilamouraworld.com\/#\/schema\/person\/60a2390d957ec7a8ee5b32682bad0a9b","name":"from","url":"https:\/\/www.vilamouraworld.com\/pt-pt\/blog\/author\/from\/"}]}},"_links":{"self":[{"href":"https:\/\/www.vilamouraworld.com\/pt-pt\/wp-json\/wp\/v2\/posts\/12017","targetHints":{"allow":["GET"]}}],"collection":[{"href":"https:\/\/www.vilamouraworld.com\/pt-pt\/wp-json\/wp\/v2\/posts"}],"about":[{"href":"https:\/\/www.vilamouraworld.com\/pt-pt\/wp-json\/wp\/v2\/types\/post"}],"author":[{"embeddable":true,"href":"https:\/\/www.vilamouraworld.com\/pt-pt\/wp-json\/wp\/v2\/users\/24"}],"replies":[{"embeddable":true,"href":"https:\/\/www.vilamouraworld.com\/pt-pt\/wp-json\/wp\/v2\/comments?post=12017"}],"version-history":[{"count":1,"href":"https:\/\/www.vilamouraworld.com\/pt-pt\/wp-json\/wp\/v2\/posts\/12017\/revisions"}],"predecessor-version":[{"id":12022,"href":"https:\/\/www.vilamouraworld.com\/pt-pt\/wp-json\/wp\/v2\/posts\/12017\/revisions\/12022"}],"wp:featuredmedia":[{"embeddable":true,"href":"https:\/\/www.vilamouraworld.com\/pt-pt\/wp-json\/wp\/v2\/media\/11996"}],"wp:attachment":[{"href":"https:\/\/www.vilamouraworld.com\/pt-pt\/wp-json\/wp\/v2\/media?parent=12017"}],"wp:term":[{"taxonomy":"category","embeddable":true,"href":"https:\/\/www.vilamouraworld.com\/pt-pt\/wp-json\/wp\/v2\/categories?post=12017"},{"taxonomy":"post_tag","embeddable":true,"href":"https:\/\/www.vilamouraworld.com\/pt-pt\/wp-json\/wp\/v2\/tags?post=12017"}],"curies":[{"name":"wp","href":"https:\/\/api.w.org\/{rel}","templated":true}]}}