{"id":11179,"date":"2024-09-28T22:29:00","date_gmt":"2024-09-28T21:29:00","guid":{"rendered":"https:\/\/www.vilamouraworld.com\/blog\/viva-os-primeiros-dias-de-outono-em-vilamoura\/"},"modified":"2025-02-03T16:32:54","modified_gmt":"2025-02-03T16:32:54","slug":"viva-os-primeiros-dias-de-outono-em-vilamoura","status":"publish","type":"post","link":"https:\/\/www.vilamouraworld.com\/pt-pt\/blog\/viva-os-primeiros-dias-de-outono-em-vilamoura\/","title":{"rendered":"Viva os primeiros dias de outono em Vilamoura"},"content":{"rendered":"<p>Com a chegada de outubro, Vilamoura \u00e9 o destino ideal para aproveitar os dias ainda ensolarados e as noites mais frescas do Algarve. Quer esteja \u00e0 procura de aventura, de relaxamento ou de um pouco de cultura, temos tudo o que precisa para um m\u00eas inesquec\u00edvel em Vilamoura. Passeie pela marina premiada, onde pode desfrutar de restaurantes \u00e0 beira-mar, passear por lojas elegantes ou simplesmente relaxar e ver os barcos a passar. Se \u00e9 um amante do golfe, os cinco campos de excel\u00eancia oferecem a oportunidade perfeita para passar uma tarde solarenga. Para quem procura um pouco mais de emo\u00e7\u00e3o, os desportos aqu\u00e1ticos como o jet-ski e o parasailing s\u00e3o perfeitos para quem procura adrenalina. Se um ritmo mais lento corresponde mais ao seu estilo, explore o tranquilo trilho natural de 5 km ou descubra a rica hist\u00f3ria da vila no Museu do Cerro da Vila. Seja qual for a sua escolha, outubro oferece a combina\u00e7\u00e3o perfeita de clima ameno e estilo de vida elegante para aproveitar ao m\u00e1ximo os dias ensolarados antes da chegada do inverno.      <\/p>\n","protected":false},"excerpt":{"rendered":"<p>Com a chegada de outubro, Vilamoura \u00e9 o destino ideal para aproveitar os dias ainda ensolarados e as noites mais frescas do Algarve. Quer esteja \u00e0 procura de aventura, de relaxamento ou de um pouco de cultura, temos tudo o que precisa para um m\u00eas inesquec\u00edvel em Vilamoura. Passeie pela marina premiada, onde pode desfrutar [&hellip;]<\/p>\n","protected":false},"author":24,"featured_media":11177,"comment_status":"closed","ping_status":"open","sticky":false,"template":"","format":"standard","meta":{"footnotes":""},"categories":[95],"tags":[195,194,187,357],"class_list":["post-11179","post","type-post","status-publish","format-standard","has-post-thumbnail","hentry","category-viver-em","tag-nova-estacao","tag-outono","tag-vilamoura-pt-pt","tag-vilamoura-destination-pt-pt"],"yoast_head":"<!-- This site is optimized with the Yoast SEO plugin v27.1.1 - https:\/\/yoast.com\/product\/yoast-seo-wordpress\/ -->\n<title>Viva os primeiros dias de outono em Vilamoura - *Vilamoura<\/title>\n<meta name=\"description\" content=\"Experimente a mistura perfeita de um clima ameno e um estilo de vida sofisticado neste m\u00eas de outubro em Vilamoura. Desfrute de refei\u00e7\u00f5es \u00e0 beira-mar, golfe de renome mundial, desportos aqu\u00e1ticos emocionantes e um rico patrim\u00f3nio cultural na nossa vibrante comunidade.\" \/>\n<meta name=\"robots\" content=\"index, follow, max-snippet:-1, max-image-preview:large, max-video-preview:-1\" \/>\n<link rel=\"canonical\" href=\"https:\/\/www.vilamouraworld.com\/pt-pt\/blog\/viva-os-primeiros-dias-de-outono-em-vilamoura\/\" \/>\n<meta property=\"og:locale\" content=\"pt_PT\" \/>\n<meta property=\"og:type\" content=\"article\" \/>\n<meta property=\"og:title\" content=\"Viva os primeiros dias de outono em Vilamoura - *Vilamoura\" \/>\n<meta property=\"og:description\" content=\"Experimente a mistura perfeita de um clima ameno e um estilo de vida sofisticado neste m\u00eas de outubro em Vilamoura. Desfrute de refei\u00e7\u00f5es \u00e0 beira-mar, golfe de renome mundial, desportos aqu\u00e1ticos emocionantes e um rico patrim\u00f3nio cultural na nossa vibrante comunidade.\" \/>\n<meta property=\"og:url\" content=\"https:\/\/www.vilamouraworld.com\/pt-pt\/blog\/viva-os-primeiros-dias-de-outono-em-vilamoura\/\" \/>\n<meta property=\"og:site_name\" content=\"*Vilamoura\" \/>\n<meta property=\"article:published_time\" content=\"2024-09-28T21:29:00+00:00\" \/>\n<meta property=\"article:modified_time\" content=\"2025-02-03T16:32:54+00:00\" \/>\n<meta property=\"og:image\" content=\"https:\/\/www.vilamouraworld.com\/wp-content\/uploads\/2024\/09\/20240130_VilamouraW_018_FHD.jpg\" \/>\n\t<meta property=\"og:image:width\" content=\"1344\" \/>\n\t<meta property=\"og:image:height\" content=\"896\" \/>\n\t<meta property=\"og:image:type\" content=\"image\/jpeg\" \/>\n<meta name=\"author\" content=\"from\" \/>\n<meta name=\"twitter:card\" content=\"summary_large_image\" \/>\n<meta name=\"twitter:label1\" content=\"Escrito por\" \/>\n\t<meta name=\"twitter:data1\" content=\"from\" \/>\n\t<meta name=\"twitter:label2\" content=\"Tempo estimado de leitura\" \/>\n\t<meta name=\"twitter:data2\" content=\"1 minuto\" \/>\n<script type=\"application\/ld+json\" class=\"yoast-schema-graph\">{\"@context\":\"https:\/\/schema.org\",\"@graph\":[{\"@type\":\"Article\",\"@id\":\"https:\/\/www.vilamouraworld.com\/pt-pt\/blog\/viva-os-primeiros-dias-de-outono-em-vilamoura\/#article\",\"isPartOf\":{\"@id\":\"https:\/\/www.vilamouraworld.com\/pt-pt\/blog\/viva-os-primeiros-dias-de-outono-em-vilamoura\/\"},\"author\":{\"name\":\"from\",\"@id\":\"https:\/\/www.vilamouraworld.com\/#\/schema\/person\/60a2390d957ec7a8ee5b32682bad0a9b\"},\"headline\":\"Viva os primeiros dias de outono em Vilamoura\",\"datePublished\":\"2024-09-28T21:29:00+00:00\",\"dateModified\":\"2025-02-03T16:32:54+00:00\",\"mainEntityOfPage\":{\"@id\":\"https:\/\/www.vilamouraworld.com\/pt-pt\/blog\/viva-os-primeiros-dias-de-outono-em-vilamoura\/\"},\"wordCount\":189,\"publisher\":{\"@id\":\"https:\/\/www.vilamouraworld.com\/#organization\"},\"image\":{\"@id\":\"https:\/\/www.vilamouraworld.com\/pt-pt\/blog\/viva-os-primeiros-dias-de-outono-em-vilamoura\/#primaryimage\"},\"thumbnailUrl\":\"https:\/\/www.vilamouraworld.com\/wp-content\/uploads\/2024\/09\/20240130_VilamouraW_018_FHD.jpg\",\"keywords\":[\"nova esta\u00e7\u00e3o\",\"outono\",\"vilamoura\",\"vilamoura destination\"],\"articleSection\":[\"Viver em*\"],\"inLanguage\":\"pt-PT\"},{\"@type\":\"WebPage\",\"@id\":\"https:\/\/www.vilamouraworld.com\/pt-pt\/blog\/viva-os-primeiros-dias-de-outono-em-vilamoura\/\",\"url\":\"https:\/\/www.vilamouraworld.com\/pt-pt\/blog\/viva-os-primeiros-dias-de-outono-em-vilamoura\/\",\"name\":\"Viva os primeiros dias de outono em Vilamoura - *Vilamoura\",\"isPartOf\":{\"@id\":\"https:\/\/www.vilamouraworld.com\/#website\"},\"primaryImageOfPage\":{\"@id\":\"https:\/\/www.vilamouraworld.com\/pt-pt\/blog\/viva-os-primeiros-dias-de-outono-em-vilamoura\/#primaryimage\"},\"image\":{\"@id\":\"https:\/\/www.vilamouraworld.com\/pt-pt\/blog\/viva-os-primeiros-dias-de-outono-em-vilamoura\/#primaryimage\"},\"thumbnailUrl\":\"https:\/\/www.vilamouraworld.com\/wp-content\/uploads\/2024\/09\/20240130_VilamouraW_018_FHD.jpg\",\"datePublished\":\"2024-09-28T21:29:00+00:00\",\"dateModified\":\"2025-02-03T16:32:54+00:00\",\"description\":\"Experimente a mistura perfeita de um clima ameno e um estilo de vida sofisticado neste m\u00eas de outubro em Vilamoura. Desfrute de refei\u00e7\u00f5es \u00e0 beira-mar, golfe de renome mundial, desportos aqu\u00e1ticos emocionantes e um rico patrim\u00f3nio cultural na nossa vibrante comunidade.\",\"breadcrumb\":{\"@id\":\"https:\/\/www.vilamouraworld.com\/pt-pt\/blog\/viva-os-primeiros-dias-de-outono-em-vilamoura\/#breadcrumb\"},\"inLanguage\":\"pt-PT\",\"potentialAction\":[{\"@type\":\"ReadAction\",\"target\":[\"https:\/\/www.vilamouraworld.com\/pt-pt\/blog\/viva-os-primeiros-dias-de-outono-em-vilamoura\/\"]}]},{\"@type\":\"ImageObject\",\"inLanguage\":\"pt-PT\",\"@id\":\"https:\/\/www.vilamouraworld.com\/pt-pt\/blog\/viva-os-primeiros-dias-de-outono-em-vilamoura\/#primaryimage\",\"url\":\"https:\/\/www.vilamouraworld.com\/wp-content\/uploads\/2024\/09\/20240130_VilamouraW_018_FHD.jpg\",\"contentUrl\":\"https:\/\/www.vilamouraworld.com\/wp-content\/uploads\/2024\/09\/20240130_VilamouraW_018_FHD.jpg\",\"width\":1344,\"height\":896,\"caption\":\"Serene sunset over a calm beach in Vilamoura, Algarve, with golden hues reflecting on the water.\"},{\"@type\":\"BreadcrumbList\",\"@id\":\"https:\/\/www.vilamouraworld.com\/pt-pt\/blog\/viva-os-primeiros-dias-de-outono-em-vilamoura\/#breadcrumb\",\"itemListElement\":[{\"@type\":\"ListItem\",\"position\":1,\"name\":\"Home\",\"item\":\"https:\/\/www.vilamouraworld.com\/\"},{\"@type\":\"ListItem\",\"position\":2,\"name\":\"Viva os primeiros dias de outono em Vilamoura\"}]},{\"@type\":\"WebSite\",\"@id\":\"https:\/\/www.vilamouraworld.com\/#website\",\"url\":\"https:\/\/www.vilamouraworld.com\/\",\"name\":\"*Vilamoura\",\"description\":\"Becoming Extraordinary\",\"publisher\":{\"@id\":\"https:\/\/www.vilamouraworld.com\/#organization\"},\"potentialAction\":[{\"@type\":\"SearchAction\",\"target\":{\"@type\":\"EntryPoint\",\"urlTemplate\":\"https:\/\/www.vilamouraworld.com\/?s={search_term_string}\"},\"query-input\":{\"@type\":\"PropertyValueSpecification\",\"valueRequired\":true,\"valueName\":\"search_term_string\"}}],\"inLanguage\":\"pt-PT\"},{\"@type\":\"Organization\",\"@id\":\"https:\/\/www.vilamouraworld.com\/#organization\",\"name\":\"*Vilamoura\",\"url\":\"https:\/\/www.vilamouraworld.com\/\",\"logo\":{\"@type\":\"ImageObject\",\"inLanguage\":\"pt-PT\",\"@id\":\"https:\/\/www.vilamouraworld.com\/#\/schema\/logo\/image\/\",\"url\":\"https:\/\/www.vilamouraworld.com\/wp-content\/uploads\/2023\/07\/Vilamoura_Logo_White.svg\",\"contentUrl\":\"https:\/\/www.vilamouraworld.com\/wp-content\/uploads\/2023\/07\/Vilamoura_Logo_White.svg\",\"width\":6199,\"height\":960,\"caption\":\"*Vilamoura\"},\"image\":{\"@id\":\"https:\/\/www.vilamouraworld.com\/#\/schema\/logo\/image\/\"}},{\"@type\":\"Person\",\"@id\":\"https:\/\/www.vilamouraworld.com\/#\/schema\/person\/60a2390d957ec7a8ee5b32682bad0a9b\",\"name\":\"from\",\"url\":\"https:\/\/www.vilamouraworld.com\/pt-pt\/blog\/author\/from\/\"}]}<\/script>\n<!-- \/ Yoast SEO plugin. -->","yoast_head_json":{"title":"Viva os primeiros dias de outono em Vilamoura - *Vilamoura","description":"Experimente a mistura perfeita de um clima ameno e um estilo de vida sofisticado neste m\u00eas de outubro em Vilamoura. Desfrute de refei\u00e7\u00f5es \u00e0 beira-mar, golfe de renome mundial, desportos aqu\u00e1ticos emocionantes e um rico patrim\u00f3nio cultural na nossa vibrante comunidade.","robots":{"index":"index","follow":"follow","max-snippet":"max-snippet:-1","max-image-preview":"max-image-preview:large","max-video-preview":"max-video-preview:-1"},"canonical":"https:\/\/www.vilamouraworld.com\/pt-pt\/blog\/viva-os-primeiros-dias-de-outono-em-vilamoura\/","og_locale":"pt_PT","og_type":"article","og_title":"Viva os primeiros dias de outono em Vilamoura - *Vilamoura","og_description":"Experimente a mistura perfeita de um clima ameno e um estilo de vida sofisticado neste m\u00eas de outubro em Vilamoura. Desfrute de refei\u00e7\u00f5es \u00e0 beira-mar, golfe de renome mundial, desportos aqu\u00e1ticos emocionantes e um rico patrim\u00f3nio cultural na nossa vibrante comunidade.","og_url":"https:\/\/www.vilamouraworld.com\/pt-pt\/blog\/viva-os-primeiros-dias-de-outono-em-vilamoura\/","og_site_name":"*Vilamoura","article_published_time":"2024-09-28T21:29:00+00:00","article_modified_time":"2025-02-03T16:32:54+00:00","og_image":[{"width":1344,"height":896,"url":"https:\/\/www.vilamouraworld.com\/wp-content\/uploads\/2024\/09\/20240130_VilamouraW_018_FHD.jpg","type":"image\/jpeg"}],"author":"from","twitter_card":"summary_large_image","twitter_misc":{"Escrito por":"from","Tempo estimado de leitura":"1 minuto"},"schema":{"@context":"https:\/\/schema.org","@graph":[{"@type":"Article","@id":"https:\/\/www.vilamouraworld.com\/pt-pt\/blog\/viva-os-primeiros-dias-de-outono-em-vilamoura\/#article","isPartOf":{"@id":"https:\/\/www.vilamouraworld.com\/pt-pt\/blog\/viva-os-primeiros-dias-de-outono-em-vilamoura\/"},"author":{"name":"from","@id":"https:\/\/www.vilamouraworld.com\/#\/schema\/person\/60a2390d957ec7a8ee5b32682bad0a9b"},"headline":"Viva os primeiros dias de outono em Vilamoura","datePublished":"2024-09-28T21:29:00+00:00","dateModified":"2025-02-03T16:32:54+00:00","mainEntityOfPage":{"@id":"https:\/\/www.vilamouraworld.com\/pt-pt\/blog\/viva-os-primeiros-dias-de-outono-em-vilamoura\/"},"wordCount":189,"publisher":{"@id":"https:\/\/www.vilamouraworld.com\/#organization"},"image":{"@id":"https:\/\/www.vilamouraworld.com\/pt-pt\/blog\/viva-os-primeiros-dias-de-outono-em-vilamoura\/#primaryimage"},"thumbnailUrl":"https:\/\/www.vilamouraworld.com\/wp-content\/uploads\/2024\/09\/20240130_VilamouraW_018_FHD.jpg","keywords":["nova esta\u00e7\u00e3o","outono","vilamoura","vilamoura destination"],"articleSection":["Viver em*"],"inLanguage":"pt-PT"},{"@type":"WebPage","@id":"https:\/\/www.vilamouraworld.com\/pt-pt\/blog\/viva-os-primeiros-dias-de-outono-em-vilamoura\/","url":"https:\/\/www.vilamouraworld.com\/pt-pt\/blog\/viva-os-primeiros-dias-de-outono-em-vilamoura\/","name":"Viva os primeiros dias de outono em Vilamoura - *Vilamoura","isPartOf":{"@id":"https:\/\/www.vilamouraworld.com\/#website"},"primaryImageOfPage":{"@id":"https:\/\/www.vilamouraworld.com\/pt-pt\/blog\/viva-os-primeiros-dias-de-outono-em-vilamoura\/#primaryimage"},"image":{"@id":"https:\/\/www.vilamouraworld.com\/pt-pt\/blog\/viva-os-primeiros-dias-de-outono-em-vilamoura\/#primaryimage"},"thumbnailUrl":"https:\/\/www.vilamouraworld.com\/wp-content\/uploads\/2024\/09\/20240130_VilamouraW_018_FHD.jpg","datePublished":"2024-09-28T21:29:00+00:00","dateModified":"2025-02-03T16:32:54+00:00","description":"Experimente a mistura perfeita de um clima ameno e um estilo de vida sofisticado neste m\u00eas de outubro em Vilamoura. Desfrute de refei\u00e7\u00f5es \u00e0 beira-mar, golfe de renome mundial, desportos aqu\u00e1ticos emocionantes e um rico patrim\u00f3nio cultural na nossa vibrante comunidade.","breadcrumb":{"@id":"https:\/\/www.vilamouraworld.com\/pt-pt\/blog\/viva-os-primeiros-dias-de-outono-em-vilamoura\/#breadcrumb"},"inLanguage":"pt-PT","potentialAction":[{"@type":"ReadAction","target":["https:\/\/www.vilamouraworld.com\/pt-pt\/blog\/viva-os-primeiros-dias-de-outono-em-vilamoura\/"]}]},{"@type":"ImageObject","inLanguage":"pt-PT","@id":"https:\/\/www.vilamouraworld.com\/pt-pt\/blog\/viva-os-primeiros-dias-de-outono-em-vilamoura\/#primaryimage","url":"https:\/\/www.vilamouraworld.com\/wp-content\/uploads\/2024\/09\/20240130_VilamouraW_018_FHD.jpg","contentUrl":"https:\/\/www.vilamouraworld.com\/wp-content\/uploads\/2024\/09\/20240130_VilamouraW_018_FHD.jpg","width":1344,"height":896,"caption":"Serene sunset over a calm beach in Vilamoura, Algarve, with golden hues reflecting on the water."},{"@type":"BreadcrumbList","@id":"https:\/\/www.vilamouraworld.com\/pt-pt\/blog\/viva-os-primeiros-dias-de-outono-em-vilamoura\/#breadcrumb","itemListElement":[{"@type":"ListItem","position":1,"name":"Home","item":"https:\/\/www.vilamouraworld.com\/"},{"@type":"ListItem","position":2,"name":"Viva os primeiros dias de outono em Vilamoura"}]},{"@type":"WebSite","@id":"https:\/\/www.vilamouraworld.com\/#website","url":"https:\/\/www.vilamouraworld.com\/","name":"*Vilamoura","description":"Becoming Extraordinary","publisher":{"@id":"https:\/\/www.vilamouraworld.com\/#organization"},"potentialAction":[{"@type":"SearchAction","target":{"@type":"EntryPoint","urlTemplate":"https:\/\/www.vilamouraworld.com\/?s={search_term_string}"},"query-input":{"@type":"PropertyValueSpecification","valueRequired":true,"valueName":"search_term_string"}}],"inLanguage":"pt-PT"},{"@type":"Organization","@id":"https:\/\/www.vilamouraworld.com\/#organization","name":"*Vilamoura","url":"https:\/\/www.vilamouraworld.com\/","logo":{"@type":"ImageObject","inLanguage":"pt-PT","@id":"https:\/\/www.vilamouraworld.com\/#\/schema\/logo\/image\/","url":"https:\/\/www.vilamouraworld.com\/wp-content\/uploads\/2023\/07\/Vilamoura_Logo_White.svg","contentUrl":"https:\/\/www.vilamouraworld.com\/wp-content\/uploads\/2023\/07\/Vilamoura_Logo_White.svg","width":6199,"height":960,"caption":"*Vilamoura"},"image":{"@id":"https:\/\/www.vilamouraworld.com\/#\/schema\/logo\/image\/"}},{"@type":"Person","@id":"https:\/\/www.vilamouraworld.com\/#\/schema\/person\/60a2390d957ec7a8ee5b32682bad0a9b","name":"from","url":"https:\/\/www.vilamouraworld.com\/pt-pt\/blog\/author\/from\/"}]}},"_links":{"self":[{"href":"https:\/\/www.vilamouraworld.com\/pt-pt\/wp-json\/wp\/v2\/posts\/11179","targetHints":{"allow":["GET"]}}],"collection":[{"href":"https:\/\/www.vilamouraworld.com\/pt-pt\/wp-json\/wp\/v2\/posts"}],"about":[{"href":"https:\/\/www.vilamouraworld.com\/pt-pt\/wp-json\/wp\/v2\/types\/post"}],"author":[{"embeddable":true,"href":"https:\/\/www.vilamouraworld.com\/pt-pt\/wp-json\/wp\/v2\/users\/24"}],"replies":[{"embeddable":true,"href":"https:\/\/www.vilamouraworld.com\/pt-pt\/wp-json\/wp\/v2\/comments?post=11179"}],"version-history":[{"count":1,"href":"https:\/\/www.vilamouraworld.com\/pt-pt\/wp-json\/wp\/v2\/posts\/11179\/revisions"}],"predecessor-version":[{"id":12893,"href":"https:\/\/www.vilamouraworld.com\/pt-pt\/wp-json\/wp\/v2\/posts\/11179\/revisions\/12893"}],"wp:featuredmedia":[{"embeddable":true,"href":"https:\/\/www.vilamouraworld.com\/pt-pt\/wp-json\/wp\/v2\/media\/11177"}],"wp:attachment":[{"href":"https:\/\/www.vilamouraworld.com\/pt-pt\/wp-json\/wp\/v2\/media?parent=11179"}],"wp:term":[{"taxonomy":"category","embeddable":true,"href":"https:\/\/www.vilamouraworld.com\/pt-pt\/wp-json\/wp\/v2\/categories?post=11179"},{"taxonomy":"post_tag","embeddable":true,"href":"https:\/\/www.vilamouraworld.com\/pt-pt\/wp-json\/wp\/v2\/tags?post=11179"}],"curies":[{"name":"wp","href":"https:\/\/api.w.org\/{rel}","templated":true}]}}