{"id":10720,"date":"2024-08-07T16:12:07","date_gmt":"2024-08-07T15:12:07","guid":{"rendered":"https:\/\/www.vilamouraworld.com\/blog\/novo-centro-equestre-de-vilamoura-vai-acolher-o-circuito-internacional-de-saltos-de-obstaculos\/"},"modified":"2024-08-07T16:17:27","modified_gmt":"2024-08-07T15:17:27","slug":"novo-centro-equestre-de-vilamoura-vai-acolher-o-circuito-internacional-de-saltos-de-obstaculos","status":"publish","type":"post","link":"https:\/\/www.vilamouraworld.com\/pt-pt\/blog\/novo-centro-equestre-de-vilamoura-vai-acolher-o-circuito-internacional-de-saltos-de-obstaculos\/","title":{"rendered":"Novo Centro Equestre de *Vilamoura vai acolher o Circuito Internacional de Saltos de Obst\u00e1culos"},"content":{"rendered":"<p>O novo Centro Equestre de Vilamoura ir\u00e1 acolher a Winter Tour organizada pela GRANDPRIX, que decorrer\u00e1 ao longo de 20 semanas, de outubro a abril, com competi\u00e7\u00f5es CSI3*, CSI4* e at\u00e9 CSI5*, juntando-se aos famosos Longines Deauville Classic, Chantilly Classic, Le Touquet Classic e Cabourg Classic, que atraem alguns dos principais performers de saltos de obst\u00e1culos do mundo.<\/p>\n<p>O regresso \u00e0 competi\u00e7\u00e3o global de grande prest\u00edgio marca o in\u00edcio de uma nova era para *Vilamoura, assim como para o novo Centro Equestre, que atualmente se encontra a ser renovado, com o objetivo de se tornar numa instala\u00e7\u00e3o de cinco estrelas e de prest\u00edgio.<\/p>\n<p>Ap\u00f3s esta renova\u00e7\u00e3o, o centro ser\u00e1 constitu\u00eddo por tr\u00eas novas arenas de areia, com sistema de drenagem ebb-and-flow, cada uma com mais de 6.500m\u00b2, e uma grande arena de relva com 14.000m\u00b2. Al\u00e9m disso, esta renova\u00e7\u00e3o inclui tamb\u00e9m quatro picadeiros de aquecimento, com superf\u00edcie ondulada, a maior arena coberta de treino livre da Europa, com mais de 6.000m\u00b2, e uma cl\u00ednica veterin\u00e1ria de \u00faltima gera\u00e7\u00e3o. Estas melhorias n\u00e3o ficam por aqui e incluem ainda mais de 1.000 novos est\u00e1bulos fixos, tr\u00eas espa\u00e7os de conv\u00edvio premium com uma \u00e1rea VIP, um percurso para cavalos de 3 km e uma \u00e1rea de treino livre em relva, de 30.000m\u00b2, numa reserva natural, proporcionado uma experi\u00eancia \u00fanica e exclusiva a todos os visitantes. Estas melhorias ir\u00e3o contribuir para que o Centro Equestre de Vilamoura supere as expectativas de cavaleiros, cavalos e espectadores, oferecendo uma experi\u00eancia equestre incompar\u00e1vel, bem como uma oportunidade de patroc\u00ednio de excel\u00eancia para marcas locais e internacionais.<\/p>\n<p>O Centro Equestre de Vilamoura \u00e9 uma das v\u00e1rias instala\u00e7\u00f5es desportivas da regi\u00e3o, que conta tamb\u00e9m com alguns dos melhores campos de golfe da Europa, como o Victoria e o Old Course. *Vilamoura est\u00e1 a tornar-se cada vez mais extraordin\u00e1ria e, al\u00e9m destas instala\u00e7\u00f5es, conta tamb\u00e9m com uma marina internacionalmente premiada, uma nova marina j\u00e1 em constru\u00e7\u00e3o, praias com areais extensos, assim como uma grande variedade de locais de lazer e gastronomia.<br \/>\n&#8220;O regresso do Circuito Internacional de Saltos de Obst\u00e1culos representa um avan\u00e7o significativo no percurso de *Vilamoura para se tornar extraordin\u00e1ria&#8221;, afirma Isolete Correia, CEO de *Vilamoura, acrescentando: &#8220;Com a constru\u00e7\u00e3o j\u00e1 avan\u00e7ada da nova marina, novas ofertas residenciais e outras instala\u00e7\u00f5es desportivas, *Vilamoura est\u00e1 a elevar os seus padr\u00f5es de qualidade, design e sustentabilidade&#8221;.<\/p>\n<p>Por sua vez, Nuno Sep\u00falveda, Co-CEO da DETAILS, cuja fun\u00e7\u00e3o passa por gerir as instala\u00e7\u00f5es desportivas em *Vilamoura, comenta: &#8220;O nosso objetivo \u00e9 criar um ambiente que corresponda \u00e0 paix\u00e3o e dedica\u00e7\u00e3o dos cavaleiros, assim como dos seus cavalos. Com estas instala\u00e7\u00f5es de \u00faltima gera\u00e7\u00e3o, estamos n\u00e3o s\u00f3 a melhorar a qualidade das competi\u00e7\u00f5es, mas tamb\u00e9m a garantir o m\u00e1ximo conforto e seguran\u00e7a para todos os participantes. Regressar aos circuitos internacionais e trabalhar com a GRANDPRIX para organizar um evento espetacular no pr\u00f3ximo ano mostrar\u00e1 o trabalho di\u00e1rio e as melhorias que estamos a levar a cabo. Tenho a certeza de que todos os que assistirem ao evento encontrar\u00e3o uma instala\u00e7\u00e3o de primeira classe, ao n\u00edvel das melhores do mundo&#8221;.<\/p>\n<p>Vincent Goehrs, fundador da GRANDPRIX, acrescentou: &#8220;Estamos muito entusiasmados por poder trazer o nosso evento para um local renovado e t\u00e3o prestigiado como o Centro Equestre de Vilamoura. A combina\u00e7\u00e3o de instala\u00e7\u00f5es de \u00faltima gera\u00e7\u00e3o e a sua localiza\u00e7\u00e3o deslumbrante fazem deste destino o lugar ideal para as nossas competi\u00e7\u00f5es internacionais de saltos de obst\u00e1culos. Esperamos uma parceria bem-sucedida e poder proporcionar experi\u00eancias inesquec\u00edveis, tanto aos participantes como aos espectadores que passem por *Vilamoura.&#8221;<\/p>\n<p>Por fim, Bruno Rente, Presidente da Federa\u00e7\u00e3o Equestre Portuguesa, comenta: &#8220;A revitaliza\u00e7\u00e3o do Centro Equestre de Vilamoura \u00e9 um marco significativo para a comunidade equestre em Portugal e mundial. Esta instala\u00e7\u00e3o renovada n\u00e3o s\u00f3 atrair\u00e1 talentos internacionais de topo, como tamb\u00e9m ir\u00e1 promover o desenvolvimento de cavaleiros e comiss\u00e1rios de provas. Estamos muito entusiasmados por poder apoiar esta iniciativa e ansiosos por testemunhar competi\u00e7\u00f5es de classe mundial num cen\u00e1rio t\u00e3o magn\u00edfico&#8221;.<\/p>\n","protected":false},"excerpt":{"rendered":"<p>O novo Centro Equestre de Vilamoura ir\u00e1 acolher a Winter Tour organizada pela GRANDPRIX, que decorrer\u00e1 ao longo de 20 semanas, de outubro a abril, com competi\u00e7\u00f5es CSI3*, CSI4* e at\u00e9 CSI5*, juntando-se aos famosos Longines Deauville Classic, Chantilly Classic, Le Touquet Classic e Cabourg Classic, que atraem alguns dos principais performers de saltos de [&hellip;]<\/p>\n","protected":false},"author":24,"featured_media":10514,"comment_status":"closed","ping_status":"open","sticky":false,"template":"","format":"standard","meta":{"footnotes":""},"categories":[27],"tags":[],"class_list":["post-10720","post","type-post","status-publish","format-standard","has-post-thumbnail","hentry","category-novidades-em"],"yoast_head":"<!-- This site is optimized with the Yoast SEO plugin v27.1.1 - https:\/\/yoast.com\/product\/yoast-seo-wordpress\/ -->\n<title>Novo Centro Equestre de *Vilamoura vai acolher o Circuito Internacional de Saltos de Obst\u00e1culos - *Vilamoura<\/title>\n<meta name=\"description\" content=\"O Centro Equestre de Vilamoura regressa orgulhosamente ao circuito internacional de saltos de obst\u00e1culos. Descubra os principais destaques do evento, as actualiza\u00e7\u00f5es do centro e a sua import\u00e2ncia na comunidade equestre mundial.\" \/>\n<meta name=\"robots\" content=\"index, follow, max-snippet:-1, max-image-preview:large, max-video-preview:-1\" \/>\n<link rel=\"canonical\" href=\"https:\/\/www.vilamouraworld.com\/pt-pt\/blog\/novo-centro-equestre-de-vilamoura-vai-acolher-o-circuito-internacional-de-saltos-de-obstaculos\/\" \/>\n<meta property=\"og:locale\" content=\"pt_PT\" \/>\n<meta property=\"og:type\" content=\"article\" \/>\n<meta property=\"og:title\" content=\"Novo Centro Equestre de *Vilamoura vai acolher o Circuito Internacional de Saltos de Obst\u00e1culos - *Vilamoura\" \/>\n<meta property=\"og:description\" content=\"O Centro Equestre de Vilamoura regressa orgulhosamente ao circuito internacional de saltos de obst\u00e1culos. Descubra os principais destaques do evento, as actualiza\u00e7\u00f5es do centro e a sua import\u00e2ncia na comunidade equestre mundial.\" \/>\n<meta property=\"og:url\" content=\"https:\/\/www.vilamouraworld.com\/pt-pt\/blog\/novo-centro-equestre-de-vilamoura-vai-acolher-o-circuito-internacional-de-saltos-de-obstaculos\/\" \/>\n<meta property=\"og:site_name\" content=\"*Vilamoura\" \/>\n<meta property=\"article:published_time\" content=\"2024-08-07T15:12:07+00:00\" \/>\n<meta property=\"article:modified_time\" content=\"2024-08-07T15:17:27+00:00\" \/>\n<meta property=\"og:image\" content=\"https:\/\/www.vilamouraworld.com\/wp-content\/uploads\/2024\/07\/equestrian-centre-vilamoura-3-min.jpg\" \/>\n\t<meta property=\"og:image:width\" content=\"900\" \/>\n\t<meta property=\"og:image:height\" content=\"1043\" \/>\n\t<meta property=\"og:image:type\" content=\"image\/jpeg\" \/>\n<meta name=\"author\" content=\"from\" \/>\n<meta name=\"twitter:card\" content=\"summary_large_image\" \/>\n<meta name=\"twitter:label1\" content=\"Escrito por\" \/>\n\t<meta name=\"twitter:data1\" content=\"from\" \/>\n\t<meta name=\"twitter:label2\" content=\"Tempo estimado de leitura\" \/>\n\t<meta name=\"twitter:data2\" content=\"4 minutos\" \/>\n<script type=\"application\/ld+json\" class=\"yoast-schema-graph\">{\"@context\":\"https:\/\/schema.org\",\"@graph\":[{\"@type\":\"Article\",\"@id\":\"https:\/\/www.vilamouraworld.com\/pt-pt\/blog\/novo-centro-equestre-de-vilamoura-vai-acolher-o-circuito-internacional-de-saltos-de-obstaculos\/#article\",\"isPartOf\":{\"@id\":\"https:\/\/www.vilamouraworld.com\/pt-pt\/blog\/novo-centro-equestre-de-vilamoura-vai-acolher-o-circuito-internacional-de-saltos-de-obstaculos\/\"},\"author\":{\"name\":\"from\",\"@id\":\"https:\/\/www.vilamouraworld.com\/#\/schema\/person\/60a2390d957ec7a8ee5b32682bad0a9b\"},\"headline\":\"Novo Centro Equestre de *Vilamoura vai acolher o Circuito Internacional de Saltos de Obst\u00e1culos\",\"datePublished\":\"2024-08-07T15:12:07+00:00\",\"dateModified\":\"2024-08-07T15:17:27+00:00\",\"mainEntityOfPage\":{\"@id\":\"https:\/\/www.vilamouraworld.com\/pt-pt\/blog\/novo-centro-equestre-de-vilamoura-vai-acolher-o-circuito-internacional-de-saltos-de-obstaculos\/\"},\"wordCount\":739,\"publisher\":{\"@id\":\"https:\/\/www.vilamouraworld.com\/#organization\"},\"image\":{\"@id\":\"https:\/\/www.vilamouraworld.com\/pt-pt\/blog\/novo-centro-equestre-de-vilamoura-vai-acolher-o-circuito-internacional-de-saltos-de-obstaculos\/#primaryimage\"},\"thumbnailUrl\":\"https:\/\/www.vilamouraworld.com\/wp-content\/uploads\/2024\/07\/equestrian-centre-vilamoura-3-min.jpg\",\"articleSection\":[\"Novidades em*\"],\"inLanguage\":\"pt-PT\"},{\"@type\":\"WebPage\",\"@id\":\"https:\/\/www.vilamouraworld.com\/pt-pt\/blog\/novo-centro-equestre-de-vilamoura-vai-acolher-o-circuito-internacional-de-saltos-de-obstaculos\/\",\"url\":\"https:\/\/www.vilamouraworld.com\/pt-pt\/blog\/novo-centro-equestre-de-vilamoura-vai-acolher-o-circuito-internacional-de-saltos-de-obstaculos\/\",\"name\":\"Novo Centro Equestre de *Vilamoura vai acolher o Circuito Internacional de Saltos de Obst\u00e1culos - *Vilamoura\",\"isPartOf\":{\"@id\":\"https:\/\/www.vilamouraworld.com\/#website\"},\"primaryImageOfPage\":{\"@id\":\"https:\/\/www.vilamouraworld.com\/pt-pt\/blog\/novo-centro-equestre-de-vilamoura-vai-acolher-o-circuito-internacional-de-saltos-de-obstaculos\/#primaryimage\"},\"image\":{\"@id\":\"https:\/\/www.vilamouraworld.com\/pt-pt\/blog\/novo-centro-equestre-de-vilamoura-vai-acolher-o-circuito-internacional-de-saltos-de-obstaculos\/#primaryimage\"},\"thumbnailUrl\":\"https:\/\/www.vilamouraworld.com\/wp-content\/uploads\/2024\/07\/equestrian-centre-vilamoura-3-min.jpg\",\"datePublished\":\"2024-08-07T15:12:07+00:00\",\"dateModified\":\"2024-08-07T15:17:27+00:00\",\"description\":\"O Centro Equestre de Vilamoura regressa orgulhosamente ao circuito internacional de saltos de obst\u00e1culos. Descubra os principais destaques do evento, as actualiza\u00e7\u00f5es do centro e a sua import\u00e2ncia na comunidade equestre mundial.\",\"breadcrumb\":{\"@id\":\"https:\/\/www.vilamouraworld.com\/pt-pt\/blog\/novo-centro-equestre-de-vilamoura-vai-acolher-o-circuito-internacional-de-saltos-de-obstaculos\/#breadcrumb\"},\"inLanguage\":\"pt-PT\",\"potentialAction\":[{\"@type\":\"ReadAction\",\"target\":[\"https:\/\/www.vilamouraworld.com\/pt-pt\/blog\/novo-centro-equestre-de-vilamoura-vai-acolher-o-circuito-internacional-de-saltos-de-obstaculos\/\"]}]},{\"@type\":\"ImageObject\",\"inLanguage\":\"pt-PT\",\"@id\":\"https:\/\/www.vilamouraworld.com\/pt-pt\/blog\/novo-centro-equestre-de-vilamoura-vai-acolher-o-circuito-internacional-de-saltos-de-obstaculos\/#primaryimage\",\"url\":\"https:\/\/www.vilamouraworld.com\/wp-content\/uploads\/2024\/07\/equestrian-centre-vilamoura-3-min.jpg\",\"contentUrl\":\"https:\/\/www.vilamouraworld.com\/wp-content\/uploads\/2024\/07\/equestrian-centre-vilamoura-3-min.jpg\",\"width\":900,\"height\":1043},{\"@type\":\"BreadcrumbList\",\"@id\":\"https:\/\/www.vilamouraworld.com\/pt-pt\/blog\/novo-centro-equestre-de-vilamoura-vai-acolher-o-circuito-internacional-de-saltos-de-obstaculos\/#breadcrumb\",\"itemListElement\":[{\"@type\":\"ListItem\",\"position\":1,\"name\":\"Home\",\"item\":\"https:\/\/www.vilamouraworld.com\/\"},{\"@type\":\"ListItem\",\"position\":2,\"name\":\"Novo Centro Equestre de *Vilamoura vai acolher o Circuito Internacional de Saltos de Obst\u00e1culos\"}]},{\"@type\":\"WebSite\",\"@id\":\"https:\/\/www.vilamouraworld.com\/#website\",\"url\":\"https:\/\/www.vilamouraworld.com\/\",\"name\":\"*Vilamoura\",\"description\":\"Becoming Extraordinary\",\"publisher\":{\"@id\":\"https:\/\/www.vilamouraworld.com\/#organization\"},\"potentialAction\":[{\"@type\":\"SearchAction\",\"target\":{\"@type\":\"EntryPoint\",\"urlTemplate\":\"https:\/\/www.vilamouraworld.com\/?s={search_term_string}\"},\"query-input\":{\"@type\":\"PropertyValueSpecification\",\"valueRequired\":true,\"valueName\":\"search_term_string\"}}],\"inLanguage\":\"pt-PT\"},{\"@type\":\"Organization\",\"@id\":\"https:\/\/www.vilamouraworld.com\/#organization\",\"name\":\"*Vilamoura\",\"url\":\"https:\/\/www.vilamouraworld.com\/\",\"logo\":{\"@type\":\"ImageObject\",\"inLanguage\":\"pt-PT\",\"@id\":\"https:\/\/www.vilamouraworld.com\/#\/schema\/logo\/image\/\",\"url\":\"https:\/\/www.vilamouraworld.com\/wp-content\/uploads\/2023\/07\/Vilamoura_Logo_White.svg\",\"contentUrl\":\"https:\/\/www.vilamouraworld.com\/wp-content\/uploads\/2023\/07\/Vilamoura_Logo_White.svg\",\"width\":6199,\"height\":960,\"caption\":\"*Vilamoura\"},\"image\":{\"@id\":\"https:\/\/www.vilamouraworld.com\/#\/schema\/logo\/image\/\"}},{\"@type\":\"Person\",\"@id\":\"https:\/\/www.vilamouraworld.com\/#\/schema\/person\/60a2390d957ec7a8ee5b32682bad0a9b\",\"name\":\"from\",\"url\":\"https:\/\/www.vilamouraworld.com\/pt-pt\/blog\/author\/from\/\"}]}<\/script>\n<!-- \/ Yoast SEO plugin. -->","yoast_head_json":{"title":"Novo Centro Equestre de *Vilamoura vai acolher o Circuito Internacional de Saltos de Obst\u00e1culos - *Vilamoura","description":"O Centro Equestre de Vilamoura regressa orgulhosamente ao circuito internacional de saltos de obst\u00e1culos. Descubra os principais destaques do evento, as actualiza\u00e7\u00f5es do centro e a sua import\u00e2ncia na comunidade equestre mundial.","robots":{"index":"index","follow":"follow","max-snippet":"max-snippet:-1","max-image-preview":"max-image-preview:large","max-video-preview":"max-video-preview:-1"},"canonical":"https:\/\/www.vilamouraworld.com\/pt-pt\/blog\/novo-centro-equestre-de-vilamoura-vai-acolher-o-circuito-internacional-de-saltos-de-obstaculos\/","og_locale":"pt_PT","og_type":"article","og_title":"Novo Centro Equestre de *Vilamoura vai acolher o Circuito Internacional de Saltos de Obst\u00e1culos - *Vilamoura","og_description":"O Centro Equestre de Vilamoura regressa orgulhosamente ao circuito internacional de saltos de obst\u00e1culos. Descubra os principais destaques do evento, as actualiza\u00e7\u00f5es do centro e a sua import\u00e2ncia na comunidade equestre mundial.","og_url":"https:\/\/www.vilamouraworld.com\/pt-pt\/blog\/novo-centro-equestre-de-vilamoura-vai-acolher-o-circuito-internacional-de-saltos-de-obstaculos\/","og_site_name":"*Vilamoura","article_published_time":"2024-08-07T15:12:07+00:00","article_modified_time":"2024-08-07T15:17:27+00:00","og_image":[{"width":900,"height":1043,"url":"https:\/\/www.vilamouraworld.com\/wp-content\/uploads\/2024\/07\/equestrian-centre-vilamoura-3-min.jpg","type":"image\/jpeg"}],"author":"from","twitter_card":"summary_large_image","twitter_misc":{"Escrito por":"from","Tempo estimado de leitura":"4 minutos"},"schema":{"@context":"https:\/\/schema.org","@graph":[{"@type":"Article","@id":"https:\/\/www.vilamouraworld.com\/pt-pt\/blog\/novo-centro-equestre-de-vilamoura-vai-acolher-o-circuito-internacional-de-saltos-de-obstaculos\/#article","isPartOf":{"@id":"https:\/\/www.vilamouraworld.com\/pt-pt\/blog\/novo-centro-equestre-de-vilamoura-vai-acolher-o-circuito-internacional-de-saltos-de-obstaculos\/"},"author":{"name":"from","@id":"https:\/\/www.vilamouraworld.com\/#\/schema\/person\/60a2390d957ec7a8ee5b32682bad0a9b"},"headline":"Novo Centro Equestre de *Vilamoura vai acolher o Circuito Internacional de Saltos de Obst\u00e1culos","datePublished":"2024-08-07T15:12:07+00:00","dateModified":"2024-08-07T15:17:27+00:00","mainEntityOfPage":{"@id":"https:\/\/www.vilamouraworld.com\/pt-pt\/blog\/novo-centro-equestre-de-vilamoura-vai-acolher-o-circuito-internacional-de-saltos-de-obstaculos\/"},"wordCount":739,"publisher":{"@id":"https:\/\/www.vilamouraworld.com\/#organization"},"image":{"@id":"https:\/\/www.vilamouraworld.com\/pt-pt\/blog\/novo-centro-equestre-de-vilamoura-vai-acolher-o-circuito-internacional-de-saltos-de-obstaculos\/#primaryimage"},"thumbnailUrl":"https:\/\/www.vilamouraworld.com\/wp-content\/uploads\/2024\/07\/equestrian-centre-vilamoura-3-min.jpg","articleSection":["Novidades em*"],"inLanguage":"pt-PT"},{"@type":"WebPage","@id":"https:\/\/www.vilamouraworld.com\/pt-pt\/blog\/novo-centro-equestre-de-vilamoura-vai-acolher-o-circuito-internacional-de-saltos-de-obstaculos\/","url":"https:\/\/www.vilamouraworld.com\/pt-pt\/blog\/novo-centro-equestre-de-vilamoura-vai-acolher-o-circuito-internacional-de-saltos-de-obstaculos\/","name":"Novo Centro Equestre de *Vilamoura vai acolher o Circuito Internacional de Saltos de Obst\u00e1culos - *Vilamoura","isPartOf":{"@id":"https:\/\/www.vilamouraworld.com\/#website"},"primaryImageOfPage":{"@id":"https:\/\/www.vilamouraworld.com\/pt-pt\/blog\/novo-centro-equestre-de-vilamoura-vai-acolher-o-circuito-internacional-de-saltos-de-obstaculos\/#primaryimage"},"image":{"@id":"https:\/\/www.vilamouraworld.com\/pt-pt\/blog\/novo-centro-equestre-de-vilamoura-vai-acolher-o-circuito-internacional-de-saltos-de-obstaculos\/#primaryimage"},"thumbnailUrl":"https:\/\/www.vilamouraworld.com\/wp-content\/uploads\/2024\/07\/equestrian-centre-vilamoura-3-min.jpg","datePublished":"2024-08-07T15:12:07+00:00","dateModified":"2024-08-07T15:17:27+00:00","description":"O Centro Equestre de Vilamoura regressa orgulhosamente ao circuito internacional de saltos de obst\u00e1culos. Descubra os principais destaques do evento, as actualiza\u00e7\u00f5es do centro e a sua import\u00e2ncia na comunidade equestre mundial.","breadcrumb":{"@id":"https:\/\/www.vilamouraworld.com\/pt-pt\/blog\/novo-centro-equestre-de-vilamoura-vai-acolher-o-circuito-internacional-de-saltos-de-obstaculos\/#breadcrumb"},"inLanguage":"pt-PT","potentialAction":[{"@type":"ReadAction","target":["https:\/\/www.vilamouraworld.com\/pt-pt\/blog\/novo-centro-equestre-de-vilamoura-vai-acolher-o-circuito-internacional-de-saltos-de-obstaculos\/"]}]},{"@type":"ImageObject","inLanguage":"pt-PT","@id":"https:\/\/www.vilamouraworld.com\/pt-pt\/blog\/novo-centro-equestre-de-vilamoura-vai-acolher-o-circuito-internacional-de-saltos-de-obstaculos\/#primaryimage","url":"https:\/\/www.vilamouraworld.com\/wp-content\/uploads\/2024\/07\/equestrian-centre-vilamoura-3-min.jpg","contentUrl":"https:\/\/www.vilamouraworld.com\/wp-content\/uploads\/2024\/07\/equestrian-centre-vilamoura-3-min.jpg","width":900,"height":1043},{"@type":"BreadcrumbList","@id":"https:\/\/www.vilamouraworld.com\/pt-pt\/blog\/novo-centro-equestre-de-vilamoura-vai-acolher-o-circuito-internacional-de-saltos-de-obstaculos\/#breadcrumb","itemListElement":[{"@type":"ListItem","position":1,"name":"Home","item":"https:\/\/www.vilamouraworld.com\/"},{"@type":"ListItem","position":2,"name":"Novo Centro Equestre de *Vilamoura vai acolher o Circuito Internacional de Saltos de Obst\u00e1culos"}]},{"@type":"WebSite","@id":"https:\/\/www.vilamouraworld.com\/#website","url":"https:\/\/www.vilamouraworld.com\/","name":"*Vilamoura","description":"Becoming Extraordinary","publisher":{"@id":"https:\/\/www.vilamouraworld.com\/#organization"},"potentialAction":[{"@type":"SearchAction","target":{"@type":"EntryPoint","urlTemplate":"https:\/\/www.vilamouraworld.com\/?s={search_term_string}"},"query-input":{"@type":"PropertyValueSpecification","valueRequired":true,"valueName":"search_term_string"}}],"inLanguage":"pt-PT"},{"@type":"Organization","@id":"https:\/\/www.vilamouraworld.com\/#organization","name":"*Vilamoura","url":"https:\/\/www.vilamouraworld.com\/","logo":{"@type":"ImageObject","inLanguage":"pt-PT","@id":"https:\/\/www.vilamouraworld.com\/#\/schema\/logo\/image\/","url":"https:\/\/www.vilamouraworld.com\/wp-content\/uploads\/2023\/07\/Vilamoura_Logo_White.svg","contentUrl":"https:\/\/www.vilamouraworld.com\/wp-content\/uploads\/2023\/07\/Vilamoura_Logo_White.svg","width":6199,"height":960,"caption":"*Vilamoura"},"image":{"@id":"https:\/\/www.vilamouraworld.com\/#\/schema\/logo\/image\/"}},{"@type":"Person","@id":"https:\/\/www.vilamouraworld.com\/#\/schema\/person\/60a2390d957ec7a8ee5b32682bad0a9b","name":"from","url":"https:\/\/www.vilamouraworld.com\/pt-pt\/blog\/author\/from\/"}]}},"_links":{"self":[{"href":"https:\/\/www.vilamouraworld.com\/pt-pt\/wp-json\/wp\/v2\/posts\/10720","targetHints":{"allow":["GET"]}}],"collection":[{"href":"https:\/\/www.vilamouraworld.com\/pt-pt\/wp-json\/wp\/v2\/posts"}],"about":[{"href":"https:\/\/www.vilamouraworld.com\/pt-pt\/wp-json\/wp\/v2\/types\/post"}],"author":[{"embeddable":true,"href":"https:\/\/www.vilamouraworld.com\/pt-pt\/wp-json\/wp\/v2\/users\/24"}],"replies":[{"embeddable":true,"href":"https:\/\/www.vilamouraworld.com\/pt-pt\/wp-json\/wp\/v2\/comments?post=10720"}],"version-history":[{"count":1,"href":"https:\/\/www.vilamouraworld.com\/pt-pt\/wp-json\/wp\/v2\/posts\/10720\/revisions"}],"predecessor-version":[{"id":10722,"href":"https:\/\/www.vilamouraworld.com\/pt-pt\/wp-json\/wp\/v2\/posts\/10720\/revisions\/10722"}],"wp:featuredmedia":[{"embeddable":true,"href":"https:\/\/www.vilamouraworld.com\/pt-pt\/wp-json\/wp\/v2\/media\/10514"}],"wp:attachment":[{"href":"https:\/\/www.vilamouraworld.com\/pt-pt\/wp-json\/wp\/v2\/media?parent=10720"}],"wp:term":[{"taxonomy":"category","embeddable":true,"href":"https:\/\/www.vilamouraworld.com\/pt-pt\/wp-json\/wp\/v2\/categories?post=10720"},{"taxonomy":"post_tag","embeddable":true,"href":"https:\/\/www.vilamouraworld.com\/pt-pt\/wp-json\/wp\/v2\/tags?post=10720"}],"curies":[{"name":"wp","href":"https:\/\/api.w.org\/{rel}","templated":true}]}}